{"id":7124,"date":"2017-01-10T10:23:01","date_gmt":"2017-01-10T13:23:01","guid":{"rendered":"http:\/\/vocesdebaires.com.ar\/wordpress\/index.php\/2017\/01\/10\/ciudad-entre-el-puente-de-avenida-libertador-y-general-paz\/"},"modified":"2017-01-10T10:23:01","modified_gmt":"2017-01-10T13:23:01","slug":"ciudad-entre-el-puente-de-avenida-libertador-y-general-paz","status":"publish","type":"post","link":"https:\/\/vocesdebaires.com.ar\/index.php\/2017\/01\/10\/ciudad-entre-el-puente-de-avenida-libertador-y-general-paz\/","title":{"rendered":"Ciudad: Entre el puente de Avenida Libertador y General Paz"},"content":{"rendered":"<p>\u00a0<br \/>\nEl ministro de Ambiente y Espacio P\u00fablico porte\u00f1o, Eduardo Macchiavelli, el intendente de Vicente L\u00f3pez, Jorge Macri, la subsecretaria de Uso del Espacio P\u00fablico porte\u00f1o, Clara Muzzio, y el artista Mart\u00edn Ron recorrieron la puesta en valor y las intervenciones art\u00edsticas que se realizaron en el puente de Av. Del Libertador y General Paz, que une la Ciudad con el partido de Vicente L\u00f3pez.<br \/>\nMart\u00edn Ron es un reconocido artista internacional, encolumnado en el movimiento del arte urbano. Los especialistas lo consideran uno de los diez mejores muralistas del mundo. Co-fundador del programa \u201cEmbellecimiento Urbano\u201d, fue el primero en pintar un mural de grandes dimensiones en el Barrio de Villa Urquiza (Buenos Aires) y particip\u00f3 de numerosas intervenciones en muchas estaciones del Subte de Buenos Aires.<\/p>\n","protected":false},"excerpt":{"rendered":"<p>\u00a0 El ministro de Ambiente y Espacio P\u00fablico porte\u00f1o, Eduardo Macchiavelli, el intendente de Vicente L\u00f3pez, Jorge Macri, la subsecretaria de Uso del Espacio P\u00fablico porte\u00f1o, Clara Muzzio, y el artista Mart\u00edn Ron recorrieron la puesta en valor y las intervenciones art\u00edsticas que se realizaron en el puente de Av. Del Libertador y General Paz, [&hellip;]<\/p>\n","protected":false},"author":1,"featured_media":7125,"comment_status":"open","ping_status":"open","sticky":false,"template":"","format":"standard","meta":{"_et_pb_use_builder":"","_et_pb_old_content":"","_et_gb_content_width":"","footnotes":""},"categories":[11,32],"tags":[],"class_list":["post-7124","post","type-post","status-publish","format-standard","has-post-thumbnail","hentry","category-ciudad","category-comunas"],"_links":{"self":[{"href":"https:\/\/vocesdebaires.com.ar\/index.php\/wp-json\/wp\/v2\/posts\/7124"}],"collection":[{"href":"https:\/\/vocesdebaires.com.ar\/index.php\/wp-json\/wp\/v2\/posts"}],"about":[{"href":"https:\/\/vocesdebaires.com.ar\/index.php\/wp-json\/wp\/v2\/types\/post"}],"author":[{"embeddable":true,"href":"https:\/\/vocesdebaires.com.ar\/index.php\/wp-json\/wp\/v2\/users\/1"}],"replies":[{"embeddable":true,"href":"https:\/\/vocesdebaires.com.ar\/index.php\/wp-json\/wp\/v2\/comments?post=7124"}],"version-history":[{"count":0,"href":"https:\/\/vocesdebaires.com.ar\/index.php\/wp-json\/wp\/v2\/posts\/7124\/revisions"}],"wp:featuredmedia":[{"embeddable":true,"href":"https:\/\/vocesdebaires.com.ar\/index.php\/wp-json\/wp\/v2\/media\/7125"}],"wp:attachment":[{"href":"https:\/\/vocesdebaires.com.ar\/index.php\/wp-json\/wp\/v2\/media?parent=7124"}],"wp:term":[{"taxonomy":"category","embeddable":true,"href":"https:\/\/vocesdebaires.com.ar\/index.php\/wp-json\/wp\/v2\/categories?post=7124"},{"taxonomy":"post_tag","embeddable":true,"href":"https:\/\/vocesdebaires.com.ar\/index.php\/wp-json\/wp\/v2\/tags?post=7124"}],"curies":[{"name":"wp","href":"https:\/\/api.w.org\/{rel}","templated":true}]}}