{"id":714,"date":"2020-01-03T03:00:00","date_gmt":"2020-01-03T06:00:00","guid":{"rendered":"http:\/\/vocesdebaires.com.ar\/wordpress\/index.php\/2020\/01\/03\/viajas-al-exterior-defensoria-te-recomienda\/"},"modified":"2020-01-03T03:00:00","modified_gmt":"2020-01-03T06:00:00","slug":"viajas-al-exterior-defensoria-te-recomienda","status":"publish","type":"post","link":"https:\/\/vocesdebaires.com.ar\/index.php\/2020\/01\/03\/viajas-al-exterior-defensoria-te-recomienda\/","title":{"rendered":"Viajas al exterior: Defensor\u00eda te  recomienda"},"content":{"rendered":"<p>Si este verano te vas de vacaciones fuera del pa\u00eds, en esta nota te contamos qu\u00e9 documentaci\u00f3n ten\u00e9s que llevar para poder salir de Argentina, ten\u00e9s que llevar la siguiente documentaci\u00f3n: Si tu pa\u00eds de destino pertenece al\u00a0Mercosur o a un Estado asociado \u2192 Documento Nacional de Identidad vigente. Si tu pa\u00eds de destino es\u00a0extra Mercosur &#8211;\u00a0Pasaporte. Si viaj\u00e1s con uno\/a o m\u00e1s ni\u00f1os\/as o adolescentes menores de 18 a\u00f1os, ten\u00e9s que llevar el documento que acredita su identidad y la partida de nacimiento que acredita que sos el\/la padre\/madre o responsable. Si el ni\u00f1o o ni\u00f1a viaja con un solo padre\/madre debe tener la autorizaci\u00f3n del\/la que no viaja con \u00e9l.<\/p>\n<p>Si viaj\u00e1s solo\/a debe contar con la autorizaci\u00f3n de ambos progenitores. Si sos extranjero\/a Record\u00e1 que pod\u00e9s viajar con una constancia de residencia precaria si la acompa\u00f1as con tu c\u00e9dula de identidad de pa\u00eds de origen. La precaria debe tener vigencia hasta tu regreso a la Argentina. Es muy importante que registres todas tus salidas y entradas desde y hacia Argentina, pero tambi\u00e9n del pa\u00eds que visitas. Conserva siempre el comprobante de registro de tu salida y posterior entrada al pa\u00eds que te den en los puestos de control de migratorio.<\/p>\n","protected":false},"excerpt":{"rendered":"<p>Si este verano te vas de vacaciones fuera del pa\u00eds, en esta nota te contamos qu\u00e9 documentaci\u00f3n ten\u00e9s que llevar para poder salir de Argentina, ten\u00e9s que llevar la siguiente documentaci\u00f3n: Si tu pa\u00eds de destino pertenece al\u00a0Mercosur o a un Estado asociado \u2192 Documento Nacional de Identidad vigente. Si tu pa\u00eds de destino es\u00a0extra [&hellip;]<\/p>\n","protected":false},"author":1,"featured_media":715,"comment_status":"open","ping_status":"open","sticky":false,"template":"","format":"standard","meta":{"_et_pb_use_builder":"","_et_pb_old_content":"","_et_gb_content_width":"","footnotes":""},"categories":[11,33],"tags":[],"class_list":["post-714","post","type-post","status-publish","format-standard","has-post-thumbnail","hentry","category-ciudad","category-sociedad-y-cultura-2"],"_links":{"self":[{"href":"https:\/\/vocesdebaires.com.ar\/index.php\/wp-json\/wp\/v2\/posts\/714"}],"collection":[{"href":"https:\/\/vocesdebaires.com.ar\/index.php\/wp-json\/wp\/v2\/posts"}],"about":[{"href":"https:\/\/vocesdebaires.com.ar\/index.php\/wp-json\/wp\/v2\/types\/post"}],"author":[{"embeddable":true,"href":"https:\/\/vocesdebaires.com.ar\/index.php\/wp-json\/wp\/v2\/users\/1"}],"replies":[{"embeddable":true,"href":"https:\/\/vocesdebaires.com.ar\/index.php\/wp-json\/wp\/v2\/comments?post=714"}],"version-history":[{"count":0,"href":"https:\/\/vocesdebaires.com.ar\/index.php\/wp-json\/wp\/v2\/posts\/714\/revisions"}],"wp:featuredmedia":[{"embeddable":true,"href":"https:\/\/vocesdebaires.com.ar\/index.php\/wp-json\/wp\/v2\/media\/715"}],"wp:attachment":[{"href":"https:\/\/vocesdebaires.com.ar\/index.php\/wp-json\/wp\/v2\/media?parent=714"}],"wp:term":[{"taxonomy":"category","embeddable":true,"href":"https:\/\/vocesdebaires.com.ar\/index.php\/wp-json\/wp\/v2\/categories?post=714"},{"taxonomy":"post_tag","embeddable":true,"href":"https:\/\/vocesdebaires.com.ar\/index.php\/wp-json\/wp\/v2\/tags?post=714"}],"curies":[{"name":"wp","href":"https:\/\/api.w.org\/{rel}","templated":true}]}}