{"id":7154,"date":"2017-01-06T13:02:00","date_gmt":"2017-01-06T16:02:00","guid":{"rendered":"http:\/\/vocesdebaires.com.ar\/wordpress\/index.php\/2017\/01\/06\/denuncian-ausencia-del-gobierno-nacional-contra-las-drogas-sinteticas\/"},"modified":"2017-01-06T13:02:00","modified_gmt":"2017-01-06T16:02:00","slug":"denuncian-ausencia-del-gobierno-nacional-contra-las-drogas-sinteticas","status":"publish","type":"post","link":"https:\/\/vocesdebaires.com.ar\/index.php\/2017\/01\/06\/denuncian-ausencia-del-gobierno-nacional-contra-las-drogas-sinteticas\/","title":{"rendered":"Denuncian ausencia del Gobierno Nacional, contra las drogas sint\u00e9ticas"},"content":{"rendered":"<p>\u00a0<br \/>\nTras la muerte de dos j\u00f3venes en la fiesta electr\u00f3nica &quot;New Year\u00b4s Eve&quot; del complejo Punta Stage, de la localidad santafecina de Arroyo Seco, el Diputado Nacional Alejandro Grandinetti afirm\u00f3 que la gesti\u00f3n macrista no ha trabajado sobre ninguno de los proyectos tendientes a prevenir la oferta y demanda de las nuevas sustancias qu\u00edmicas. Adem\u00e1s, denunci\u00f3 que el Ministerio de Educaci\u00f3n de la Naci\u00f3n no est\u00e1 renovando los contratos a los capacitadores y tutores del curso de formaci\u00f3n docente que promueve la prevenci\u00f3n de adicciones desde el \u00e1mbito educativo. El referente del Frente Renovador UNA, consider\u00f3 que el Ejecutivo Nacional \u201cno s\u00f3lo no ha fomentado avances para la prevenci\u00f3n de las adicciones, sino que, adem\u00e1s, esta haciendo todo lo contrario\u201d. En ese sentido, asegur\u00f3 que \u201cluego de repercusi\u00f3n por la tragedia de la fiesta de Time Warp (celebrada en el complejo Costa Salguero el 15 de abril pasado y que se cobr\u00f3 la vida de cinco j\u00f3venes por intoxicaci\u00f3n con drogas sint\u00e9ticas) el Gobierno Nacional nunca m\u00e1s se preocup\u00f3 por el tema y encima ahora resta recursos a la formaci\u00f3n docente profesional, negando la posibilidad de avanzar en la prevenci\u00f3n de las adicciones desde la escuela primaria\u201d. Grandinetti, quien es, adem\u00e1s, integrante de la Comisi\u00f3n de Prevenci\u00f3n de Adicciones y Control del Narcotr\u00e1fico de la C\u00e1mara de Diputados de la Naci\u00f3n, particip\u00f3 en 2016 de la Sesi\u00f3n Especial de la Asamblea General de las Naciones Unidas sobre el \u201cProblema Mundial de las Drogas\u201d, en donde ese organismo manifest\u00f3 su preocupaci\u00f3n por el avance de los narc\u00f3ticos de dise\u00f1o y ampli\u00f3 el debate sobre la necesidad de frenar la proliferaci\u00f3n de esas sustancias prohibidas. Luego de su experiencia, el Legislador Massista present\u00f3 una bater\u00eda de proyectos que persiguen\u00a0 la creaci\u00f3n del \u201cPrograma Educativo Argentino para el Tratamiento de Adicciones a las Drogas\u201d, el incentivo a trav\u00e9s de becas para quienes estudien carreras afines y la capacitaci\u00f3n para docentes a trav\u00e9s de la SEDRONAR, pero, hasta el momento, no recibi\u00f3 el apoyo necesario. Adem\u00e1s, le hab\u00eda solicitado al Poder Ejecutivo que d\u00e9 continuidad durante 2017 al Programa \u201cNuestra Escuela\u201d, tendiente a brindar cursos gratuitos para docentes, entre los cuales se destaca el denominado \u201cCuidado y Prevenci\u00f3n de Adicciones en el \u00e1mbito educativo\u201d. Sin embargo, ese plan estatal es uno de los que se acaba de recortar desde la cartera educativa y que ha motivado que varios sindicatos docentes realizaran ayer un abrazo simb\u00f3lico a la sede del Ministerio, en rechazo de la finalizaci\u00f3n de los contratos de unos 400 trabajadores y la desvinculaci\u00f3n de 2.600 tutores a distancia. Al respecto, Grandinetti manifest\u00f3 que \u201ces imprescindible que el Gobierno d\u00e9 marcha atr\u00e1s con el recorte y entienda la necesidad de plantear una integralidad educativa, formativa y federal al respecto, para incentivar a los docentes y lograr que, en su rol de multiplicadores del conocimiento, tengan elementos que les permitan trabajar como tema transversal la prevenci\u00f3n del consumo de sustancias\u201d. A su vez, explic\u00f3 que \u201cla preocupaci\u00f3n no s\u00f3lo radica en perseguir a los narcos y a las organizaciones criminales sino que tambi\u00e9n hay que preocuparse por la demanda, es decir, de los adultos y j\u00f3venes que sufren y ven perder su libertad producto de las adicciones\u201d. Por ello, afirm\u00f3 que \u201cjunto a Sergio Massa, la principal inquietud radica en que los j\u00f3venes no sean rehenes de esas falsas ilusiones, para lo cual es necesario tener m\u00e1s docentes y mejor formados\u201d. Finalmente, el Diputado Grandinetti asegur\u00f3 que \u201ces imperioso que el Estado tome conciencia y se comprometa en la lucha contra las drogas sint\u00e9ticas, que ya se han convertido en una epidemia global\u201d porque concluy\u00f3 diciendo que, \u201cde lo contrario, habr\u00e1 cada vez m\u00e1s v\u00edctimas fatales\u201d.<\/p>\n","protected":false},"excerpt":{"rendered":"<p>\u00a0 Tras la muerte de dos j\u00f3venes en la fiesta electr\u00f3nica &quot;New Year\u00b4s Eve&quot; del complejo Punta Stage, de la localidad santafecina de Arroyo Seco, el Diputado Nacional Alejandro Grandinetti afirm\u00f3 que la gesti\u00f3n macrista no ha trabajado sobre ninguno de los proyectos tendientes a prevenir la oferta y demanda de las nuevas sustancias qu\u00edmicas. [&hellip;]<\/p>\n","protected":false},"author":1,"featured_media":7155,"comment_status":"open","ping_status":"open","sticky":false,"template":"","format":"standard","meta":{"_et_pb_use_builder":"","_et_pb_old_content":"","_et_gb_content_width":"","footnotes":""},"categories":[11,33],"tags":[],"class_list":["post-7154","post","type-post","status-publish","format-standard","has-post-thumbnail","hentry","category-ciudad","category-sociedad-y-cultura-2"],"_links":{"self":[{"href":"https:\/\/vocesdebaires.com.ar\/index.php\/wp-json\/wp\/v2\/posts\/7154"}],"collection":[{"href":"https:\/\/vocesdebaires.com.ar\/index.php\/wp-json\/wp\/v2\/posts"}],"about":[{"href":"https:\/\/vocesdebaires.com.ar\/index.php\/wp-json\/wp\/v2\/types\/post"}],"author":[{"embeddable":true,"href":"https:\/\/vocesdebaires.com.ar\/index.php\/wp-json\/wp\/v2\/users\/1"}],"replies":[{"embeddable":true,"href":"https:\/\/vocesdebaires.com.ar\/index.php\/wp-json\/wp\/v2\/comments?post=7154"}],"version-history":[{"count":0,"href":"https:\/\/vocesdebaires.com.ar\/index.php\/wp-json\/wp\/v2\/posts\/7154\/revisions"}],"wp:featuredmedia":[{"embeddable":true,"href":"https:\/\/vocesdebaires.com.ar\/index.php\/wp-json\/wp\/v2\/media\/7155"}],"wp:attachment":[{"href":"https:\/\/vocesdebaires.com.ar\/index.php\/wp-json\/wp\/v2\/media?parent=7154"}],"wp:term":[{"taxonomy":"category","embeddable":true,"href":"https:\/\/vocesdebaires.com.ar\/index.php\/wp-json\/wp\/v2\/categories?post=7154"},{"taxonomy":"post_tag","embeddable":true,"href":"https:\/\/vocesdebaires.com.ar\/index.php\/wp-json\/wp\/v2\/tags?post=7154"}],"curies":[{"name":"wp","href":"https:\/\/api.w.org\/{rel}","templated":true}]}}