{"id":7172,"date":"2017-01-05T10:20:06","date_gmt":"2017-01-05T13:20:06","guid":{"rendered":"http:\/\/vocesdebaires.com.ar\/wordpress\/index.php\/2017\/01\/05\/quita-del-reintegro-del-5-del-iva\/"},"modified":"2017-01-05T10:20:06","modified_gmt":"2017-01-05T13:20:06","slug":"quita-del-reintegro-del-5-del-iva","status":"publish","type":"post","link":"https:\/\/vocesdebaires.com.ar\/index.php\/2017\/01\/05\/quita-del-reintegro-del-5-del-iva\/","title":{"rendered":"Quita del reintegro del 5 % del IVA"},"content":{"rendered":"<p>\u00a0<br \/>\nEl referente del espacio en el \u00e1mbito bonaerense Juan Carlos Ju\u00e1rez, Vicepresidente del GEN, se\u00f1al\u00f3 que \u201cla eliminaci\u00f3n de ese incentivo constituye un verdadero retroceso que atenta contra los asalariados\u201d y agreg\u00f3 que, adem\u00e1s, \u201cfavorece las ventas en negro, dado que esa devoluci\u00f3n obligaba a los comerciantes a bancarizar todas las operaciones que se efectuaban a trav\u00e9s de ese medio de pago, algo que ahora ya no ser\u00e1 necesario\u201d. En ese marco, el dirigente expres\u00f3 que \u201ces muy importante que se empiecen a tomar en cuenta los proyectos encabezados por Margarita Stolbizer y Sergio Massa, junto a otros espacios, para la construcci\u00f3n en este 2017 de una verdadera alternativa que haga hincapi\u00e9 en la equidad y el desarrollo, poniendo especial atenci\u00f3n en los sectores m\u00e1s vulnerables y en los segmentos medios que son quienes est\u00e1n pagando las consecuencias del actual plan econ\u00f3mico\u201d.<br \/>\nFinalmente,\u00a0 Juan Carlos Ju\u00e1rez\u00a0 asegur\u00f3 que \u201cest\u00e1 claro que el actual Gobierno no ha logrado revertir en absoluto la situaci\u00f3n social que hered\u00f3 en diciembre de 2015\u201d, ante lo cual concluy\u00f3 diciendo que \u201chay que pensar en un nuevo cuadro pol\u00edtico, con nuevas propuestas, porque hay que tener en cuenta que los sectores m\u00e1s postergados, as\u00ed como los jubilados y los trabajadores necesitan soluciones urgentes\u201d.<\/p>\n","protected":false},"excerpt":{"rendered":"<p>\u00a0 El referente del espacio en el \u00e1mbito bonaerense Juan Carlos Ju\u00e1rez, Vicepresidente del GEN, se\u00f1al\u00f3 que \u201cla eliminaci\u00f3n de ese incentivo constituye un verdadero retroceso que atenta contra los asalariados\u201d y agreg\u00f3 que, adem\u00e1s, \u201cfavorece las ventas en negro, dado que esa devoluci\u00f3n obligaba a los comerciantes a bancarizar todas las operaciones que se [&hellip;]<\/p>\n","protected":false},"author":1,"featured_media":7173,"comment_status":"open","ping_status":"open","sticky":false,"template":"","format":"standard","meta":{"_et_pb_use_builder":"","_et_pb_old_content":"","_et_gb_content_width":"","footnotes":""},"categories":[34,13],"tags":[],"class_list":["post-7172","post","type-post","status-publish","format-standard","has-post-thumbnail","hentry","category-politica","category-provincia"],"_links":{"self":[{"href":"https:\/\/vocesdebaires.com.ar\/index.php\/wp-json\/wp\/v2\/posts\/7172"}],"collection":[{"href":"https:\/\/vocesdebaires.com.ar\/index.php\/wp-json\/wp\/v2\/posts"}],"about":[{"href":"https:\/\/vocesdebaires.com.ar\/index.php\/wp-json\/wp\/v2\/types\/post"}],"author":[{"embeddable":true,"href":"https:\/\/vocesdebaires.com.ar\/index.php\/wp-json\/wp\/v2\/users\/1"}],"replies":[{"embeddable":true,"href":"https:\/\/vocesdebaires.com.ar\/index.php\/wp-json\/wp\/v2\/comments?post=7172"}],"version-history":[{"count":0,"href":"https:\/\/vocesdebaires.com.ar\/index.php\/wp-json\/wp\/v2\/posts\/7172\/revisions"}],"wp:featuredmedia":[{"embeddable":true,"href":"https:\/\/vocesdebaires.com.ar\/index.php\/wp-json\/wp\/v2\/media\/7173"}],"wp:attachment":[{"href":"https:\/\/vocesdebaires.com.ar\/index.php\/wp-json\/wp\/v2\/media?parent=7172"}],"wp:term":[{"taxonomy":"category","embeddable":true,"href":"https:\/\/vocesdebaires.com.ar\/index.php\/wp-json\/wp\/v2\/categories?post=7172"},{"taxonomy":"post_tag","embeddable":true,"href":"https:\/\/vocesdebaires.com.ar\/index.php\/wp-json\/wp\/v2\/tags?post=7172"}],"curies":[{"name":"wp","href":"https:\/\/api.w.org\/{rel}","templated":true}]}}