{"id":7264,"date":"2017-03-16T09:28:28","date_gmt":"2017-03-16T12:28:28","guid":{"rendered":"http:\/\/vocesdebaires.com.ar\/wordpress\/index.php\/2017\/03\/16\/deportes-monica-santino-personalidad-destacada\/"},"modified":"2017-03-16T09:28:28","modified_gmt":"2017-03-16T12:28:28","slug":"deportes-monica-santino-personalidad-destacada","status":"publish","type":"post","link":"https:\/\/vocesdebaires.com.ar\/index.php\/2017\/03\/16\/deportes-monica-santino-personalidad-destacada\/","title":{"rendered":"Deportes: M\u00f3nica Santino, personalidad destacada"},"content":{"rendered":"<p>\u00a0<br \/>\nM\u00f3nica Santino, directora t\u00e9cnica y futbolista profesional, fue declarada personalidad destacada del deporte, durante un acto en el Sal\u00f3n Montevideo, por iniciativa de la diputada Mar\u00eda Andrea Conde (FPV). \u201cYo aprend\u00ed a ser mejor persona jugando a la pelota. Las cosas se cambian colectivamente. Y eso es lo que somos en la Villa 31. Esta menci\u00f3n y reconocimiento tiene que ver con todas nosotras\u201d, declar\u00f3 la destacada ante los asistentes.Su trayectoria deportiva incluy\u00f3 jugar en la primera divisi\u00f3n de f\u00fatbol femenino del Club Atl\u00e9tico All Boys, hasta entre 1997 y 1999.<br \/>\nComo directora t\u00e9cnica\u00a0 se desempe\u00f1\u00f3 en distintos clubes como Chacarita Juniors, Atlanta, San Telmo y Boedo Juniors. Tambi\u00e9n se ha vinculado al deporte social como herramienta para la inclusi\u00f3n de aquellos sectores marginados de la poblaci\u00f3n y\u00a0 por la lucha de la igualdad de g\u00e9nero. Su escuela de F\u00fatbol de Mujeres \u201cLa Nuestra\u201d, se desarrolla en un play\u00f3n p\u00fablico de la Villa 31, donde desde 2007 re\u00fane a m\u00e1s de 60 chicas entre adolescentes y adultas.<br \/>\n\u201cNo tienen nada que ver con la beneficencia, lo que hacemos es empoderar\u201d, dijo Santino. En el \u00e1mbito p\u00fablico entre 2003 al 2012 llev\u00f3 adelante en el municipio Vicente L\u00f3pez, el Programa de F\u00fatbol Femenino y prevenci\u00f3n en salud para mujeres j\u00f3venes en coordinaci\u00f3n con los gabinetes pedag\u00f3gicos de las escuelas N\u00ba 17 y 19 de Munro y N\u00ba 20 de Villa Martelli. \u201cEl movimiento de mujeres piensa el deporte como un derecho y no como algo superficial\u201d, afirm\u00f3 la destacada.<br \/>\nDurante el acto tambi\u00e9n hablaron, entre otros invitados, la diputada Victoria Montenegro, que reflexion\u00f3 que no pensaba jugar al f\u00fatbol, ya que ten\u00eda otras prioridades como trabajar, mantener la casa y cuidar a los hijos, aunque sin embargo lo hizo.\u00a0 El periodista\u00a0 Ariel Scher record\u00f3 la relaci\u00f3n entre el deporte y las mujeres, citando a Agustina Maraval, que en el club Atalanta a principios del siglo XX le daba un lugar distinto a las mujeres que los clubes tradicionales; Leopoldo Bard, primer presidente de River, que conceb\u00eda el deporte como integrador social o Jeanette Campbell, la primera y solitaria integrante argentina de la comitiva ol\u00edmpica de 1936, donde obtuvo su medalla de plata en nataci\u00f3n.<\/p>\n","protected":false},"excerpt":{"rendered":"<p>\u00a0 M\u00f3nica Santino, directora t\u00e9cnica y futbolista profesional, fue declarada personalidad destacada del deporte, durante un acto en el Sal\u00f3n Montevideo, por iniciativa de la diputada Mar\u00eda Andrea Conde (FPV). \u201cYo aprend\u00ed a ser mejor persona jugando a la pelota. Las cosas se cambian colectivamente. Y eso es lo que somos en la Villa 31. [&hellip;]<\/p>\n","protected":false},"author":1,"featured_media":7265,"comment_status":"open","ping_status":"open","sticky":false,"template":"","format":"standard","meta":{"_et_pb_use_builder":"","_et_pb_old_content":"","_et_gb_content_width":"","footnotes":""},"categories":[14,46],"tags":[],"class_list":["post-7264","post","type-post","status-publish","format-standard","has-post-thumbnail","hentry","category-deportes","category-polideportiva"],"_links":{"self":[{"href":"https:\/\/vocesdebaires.com.ar\/index.php\/wp-json\/wp\/v2\/posts\/7264"}],"collection":[{"href":"https:\/\/vocesdebaires.com.ar\/index.php\/wp-json\/wp\/v2\/posts"}],"about":[{"href":"https:\/\/vocesdebaires.com.ar\/index.php\/wp-json\/wp\/v2\/types\/post"}],"author":[{"embeddable":true,"href":"https:\/\/vocesdebaires.com.ar\/index.php\/wp-json\/wp\/v2\/users\/1"}],"replies":[{"embeddable":true,"href":"https:\/\/vocesdebaires.com.ar\/index.php\/wp-json\/wp\/v2\/comments?post=7264"}],"version-history":[{"count":0,"href":"https:\/\/vocesdebaires.com.ar\/index.php\/wp-json\/wp\/v2\/posts\/7264\/revisions"}],"wp:featuredmedia":[{"embeddable":true,"href":"https:\/\/vocesdebaires.com.ar\/index.php\/wp-json\/wp\/v2\/media\/7265"}],"wp:attachment":[{"href":"https:\/\/vocesdebaires.com.ar\/index.php\/wp-json\/wp\/v2\/media?parent=7264"}],"wp:term":[{"taxonomy":"category","embeddable":true,"href":"https:\/\/vocesdebaires.com.ar\/index.php\/wp-json\/wp\/v2\/categories?post=7264"},{"taxonomy":"post_tag","embeddable":true,"href":"https:\/\/vocesdebaires.com.ar\/index.php\/wp-json\/wp\/v2\/tags?post=7264"}],"curies":[{"name":"wp","href":"https:\/\/api.w.org\/{rel}","templated":true}]}}