{"id":7266,"date":"2017-03-16T09:18:36","date_gmt":"2017-03-16T12:18:36","guid":{"rendered":"http:\/\/vocesdebaires.com.ar\/wordpress\/index.php\/2017\/03\/16\/gran-operativo-contra-talleres-clandestinos\/"},"modified":"2017-03-16T09:18:36","modified_gmt":"2017-03-16T12:18:36","slug":"gran-operativo-contra-talleres-clandestinos","status":"publish","type":"post","link":"https:\/\/vocesdebaires.com.ar\/index.php\/2017\/03\/16\/gran-operativo-contra-talleres-clandestinos\/","title":{"rendered":"Gran  Operativo contra talleres Clandestinos"},"content":{"rendered":"<p>\u00a0<br \/>\nInspectores de la Agencia Gubernamental de Control en coordinaci\u00f3n con la Secretaria de Seguridad Nacional clausuraron tres talleres clandestinos ubicados en el Barrio de Flores y Paternal. Ninguno de los tres lugares estaba habilitado, y las condiciones de seguridad e higiene del lugar representaban un riesgo para los vecinos y las personas que trabajaban, de manera irregular, en el lugar. Dos de los talleres se encontraban contiguos sobre la calle P\u00faan al 1900, el tercero en Caracas 1854.<br \/>\nEn el caso del Taller ubicado en P\u00faan 1928, la informaci\u00f3n hab\u00eda sido aportada por el Diputado Nacional, Marcelo Sorgente, gracias a una denuncia que le lleg\u00f3 al legislador de forma an\u00f3nima a ra\u00edz de la campa\u00f1a iniciada en redes sociales. El lugar no se encontraba habilitado, no ten\u00eda matafuegos, no presentaba Instalaciones Fijas Contra Incendio adecuadas, implicando un peligro teniendo en cuenta que el material es altamente inflamable. Al ingresar al taller ubicado al lado, P\u00faan 1932, se pudo constatar la coexistencia de vivienda. El lugar que no cumpl\u00eda con ninguna de las medidas de seguridad requeridas, albergaba al matrimonio con su hijo.<br \/>\nAsimismo, en el tercer taller, el operativo fue m\u00e1s arduo. En el lugar hab\u00eda menores, hijos de los empleados, y la Direcci\u00f3n Nacional de Migraciones detect\u00f3 cinco extranjeros sin documentaci\u00f3n. La polic\u00eda y los inspectores detectaron una puerta al final del galp\u00f3n cerrada con candado. Al forzarla, encontraron camas con pertenencias de las personas que se encontraban trabajando en el lugar. El lugar presentaba filtraciones, y los cables de las maquinas estaban todos mojados por la lluvia, mientras las personas segu\u00edan trabajando.<br \/>\nEl Director Ejecutivo de la AGC manifest\u00f3 &quot; venimos trabajando arduamente con el Diputado Sorgente y con la Secretaria de Seguridad Nacional y otros organismos, para que, intercambiando la informaci\u00f3n que tenemos, podamos combatir esta problem\u00e1tica que nos ocupa y que representa un riesgo para los vecinos, para los trabajadores, que asimismo son explotados.&quot;<br \/>\nDel Operativo participaron tambi\u00e9n a Direcci\u00f3n Nacional de Migraciones y la Oficina de Rescate y Acompa\u00f1amiento a la V\u00edctima, Ministerio de Justicia y Derechos Humanos, Presidencia de la Naci\u00f3n. Es importante destacar que los vecinos pueden realizar sus denuncias a trav\u00e9s del 147 o ingresando a <a href=\"http:\/\/solicitudes.buenosaires.gob.ar\/suaci\/index&quot;&gt;http:\/\/solicitudes.buenosaires.gob.ar\/suaci\/index<\/a> para impedir que estos lugares sigan funcionando de manera ilegal y atentando contra la seguridad de todos los vecinos.<\/p>\n","protected":false},"excerpt":{"rendered":"<p>\u00a0 Inspectores de la Agencia Gubernamental de Control en coordinaci\u00f3n con la Secretaria de Seguridad Nacional clausuraron tres talleres clandestinos ubicados en el Barrio de Flores y Paternal. Ninguno de los tres lugares estaba habilitado, y las condiciones de seguridad e higiene del lugar representaban un riesgo para los vecinos y las personas que trabajaban, [&hellip;]<\/p>\n","protected":false},"author":1,"featured_media":7267,"comment_status":"open","ping_status":"open","sticky":false,"template":"","format":"standard","meta":{"_et_pb_use_builder":"","_et_pb_old_content":"","_et_gb_content_width":"","footnotes":""},"categories":[11,32],"tags":[],"class_list":["post-7266","post","type-post","status-publish","format-standard","has-post-thumbnail","hentry","category-ciudad","category-comunas"],"_links":{"self":[{"href":"https:\/\/vocesdebaires.com.ar\/index.php\/wp-json\/wp\/v2\/posts\/7266"}],"collection":[{"href":"https:\/\/vocesdebaires.com.ar\/index.php\/wp-json\/wp\/v2\/posts"}],"about":[{"href":"https:\/\/vocesdebaires.com.ar\/index.php\/wp-json\/wp\/v2\/types\/post"}],"author":[{"embeddable":true,"href":"https:\/\/vocesdebaires.com.ar\/index.php\/wp-json\/wp\/v2\/users\/1"}],"replies":[{"embeddable":true,"href":"https:\/\/vocesdebaires.com.ar\/index.php\/wp-json\/wp\/v2\/comments?post=7266"}],"version-history":[{"count":0,"href":"https:\/\/vocesdebaires.com.ar\/index.php\/wp-json\/wp\/v2\/posts\/7266\/revisions"}],"wp:featuredmedia":[{"embeddable":true,"href":"https:\/\/vocesdebaires.com.ar\/index.php\/wp-json\/wp\/v2\/media\/7267"}],"wp:attachment":[{"href":"https:\/\/vocesdebaires.com.ar\/index.php\/wp-json\/wp\/v2\/media?parent=7266"}],"wp:term":[{"taxonomy":"category","embeddable":true,"href":"https:\/\/vocesdebaires.com.ar\/index.php\/wp-json\/wp\/v2\/categories?post=7266"},{"taxonomy":"post_tag","embeddable":true,"href":"https:\/\/vocesdebaires.com.ar\/index.php\/wp-json\/wp\/v2\/tags?post=7266"}],"curies":[{"name":"wp","href":"https:\/\/api.w.org\/{rel}","templated":true}]}}