{"id":7292,"date":"2017-03-14T11:47:14","date_gmt":"2017-03-14T14:47:14","guid":{"rendered":"http:\/\/vocesdebaires.com.ar\/wordpress\/index.php\/2017\/03\/14\/ciudad-santilli-entrego-escrituras-a-familias\/"},"modified":"2017-03-14T11:47:14","modified_gmt":"2017-03-14T14:47:14","slug":"ciudad-santilli-entrego-escrituras-a-familias","status":"publish","type":"post","link":"https:\/\/vocesdebaires.com.ar\/index.php\/2017\/03\/14\/ciudad-santilli-entrego-escrituras-a-familias\/","title":{"rendered":"Ciudad: Santilli entreg\u00f3 escrituras a familias"},"content":{"rendered":"<p>El vicejefe de Gobierno de la Ciudad de Buenos Aires, Diego Santilli, entreg\u00f3\u00a0 ayer 42 escrituras de propiedad a las familias de los barrios Las Palomas y 33 Viviendas, en Villa Soldati. \u201cEs muy importante, es el momento donde todo ciudadano quiere ser due\u00f1o, tener su techo propio. Es un trabajo que venimos haciendo hace tiempo, se construyeron las viviendas y hoy se les da el t\u00edtulo de propiedad, firmamos las escrituras\u201d, explic\u00f3 Santilli.Asimismo, se van a sumar 6 nuevas unidades funcionales con escritura, con lo que el 97% del complejo habitacional quedar\u00e1 escriturado. \u201cImag\u00ednate la emoci\u00f3n de esas familias que quieren tener ese lugar para despu\u00e9s ver crecer a sus hijos, construir su familia y desarrollarse\u201d, a\u00f1adi\u00f3 el vicejefe de Gobierno porte\u00f1o.<br \/>\nAcompa\u00f1ado por la ministra de Desarrollo Humano y H\u00e1bitat, Guadalupe Tagliaferri; y la presidenta de Corporaci\u00f3n Buenos Aires Sur, Karina Spalla, Santilli destac\u00f3 el valor de que cada ciudadano tenga acceso a su propia vivienda y dese\u00f3 que \u201ccada uno de ellos pueda desarrollar su vida\u201d y mantener \u201csu hogar de la mejor manera que pueda\u201d. \u201cEs el sue\u00f1o de ser due\u00f1o, due\u00f1o de tu propia casa, tu propio techo y hogar\u201d, concluy\u00f3. Por otro lado, se le adjudic\u00f3 a la cooperativa La Gran Esperanza el mejoramiento de los frentes, obra que comenz\u00f3 el \u00faltimo 8 de marzo y cuya finalizaci\u00f3n est\u00e1 prevista para principios de mayo.<\/p>\n","protected":false},"excerpt":{"rendered":"<p>El vicejefe de Gobierno de la Ciudad de Buenos Aires, Diego Santilli, entreg\u00f3\u00a0 ayer 42 escrituras de propiedad a las familias de los barrios Las Palomas y 33 Viviendas, en Villa Soldati. \u201cEs muy importante, es el momento donde todo ciudadano quiere ser due\u00f1o, tener su techo propio. Es un trabajo que venimos haciendo hace [&hellip;]<\/p>\n","protected":false},"author":1,"featured_media":7293,"comment_status":"open","ping_status":"open","sticky":false,"template":"","format":"standard","meta":{"_et_pb_use_builder":"","_et_pb_old_content":"","_et_gb_content_width":"","footnotes":""},"categories":[11,32],"tags":[],"class_list":["post-7292","post","type-post","status-publish","format-standard","has-post-thumbnail","hentry","category-ciudad","category-comunas"],"_links":{"self":[{"href":"https:\/\/vocesdebaires.com.ar\/index.php\/wp-json\/wp\/v2\/posts\/7292"}],"collection":[{"href":"https:\/\/vocesdebaires.com.ar\/index.php\/wp-json\/wp\/v2\/posts"}],"about":[{"href":"https:\/\/vocesdebaires.com.ar\/index.php\/wp-json\/wp\/v2\/types\/post"}],"author":[{"embeddable":true,"href":"https:\/\/vocesdebaires.com.ar\/index.php\/wp-json\/wp\/v2\/users\/1"}],"replies":[{"embeddable":true,"href":"https:\/\/vocesdebaires.com.ar\/index.php\/wp-json\/wp\/v2\/comments?post=7292"}],"version-history":[{"count":0,"href":"https:\/\/vocesdebaires.com.ar\/index.php\/wp-json\/wp\/v2\/posts\/7292\/revisions"}],"wp:featuredmedia":[{"embeddable":true,"href":"https:\/\/vocesdebaires.com.ar\/index.php\/wp-json\/wp\/v2\/media\/7293"}],"wp:attachment":[{"href":"https:\/\/vocesdebaires.com.ar\/index.php\/wp-json\/wp\/v2\/media?parent=7292"}],"wp:term":[{"taxonomy":"category","embeddable":true,"href":"https:\/\/vocesdebaires.com.ar\/index.php\/wp-json\/wp\/v2\/categories?post=7292"},{"taxonomy":"post_tag","embeddable":true,"href":"https:\/\/vocesdebaires.com.ar\/index.php\/wp-json\/wp\/v2\/tags?post=7292"}],"curies":[{"name":"wp","href":"https:\/\/api.w.org\/{rel}","templated":true}]}}