{"id":736,"date":"2020-01-31T03:54:28","date_gmt":"2020-01-31T06:54:28","guid":{"rendered":"http:\/\/vocesdebaires.com.ar\/wordpress\/index.php\/2020\/01\/31\/descarga-electrica-dos-mujeres-la-recibieron\/"},"modified":"2020-01-31T03:54:28","modified_gmt":"2020-01-31T06:54:28","slug":"descarga-electrica-dos-mujeres-la-recibieron","status":"publish","type":"post","link":"https:\/\/vocesdebaires.com.ar\/index.php\/2020\/01\/31\/descarga-electrica-dos-mujeres-la-recibieron\/","title":{"rendered":"Descarga el\u00e9ctrica: Dos mujeres la recibieron"},"content":{"rendered":"<p>Dos mujeres resultaron heridas, y el perro de una de ellas muri\u00f3, luego de recibir una descarga el\u00e9ctrica mientras paseaban por una plaza ubicada en el barrio de Monte Castro. El hecho ocurri\u00f3 cerca del mediod\u00eda de ayer jueves en la Plaza de Miranda y Gualeguaych\u00fa, cuando, seg\u00fan el relato de las mujeres, el perro pas\u00f3 corriendo cerca de los regadores que estaban encendidos y recibi\u00f3 la descarga mortal, que tambi\u00e9n alcanz\u00f3 a su due\u00f1a, que result\u00f3 con heridas leves.<\/p>\n<p>Una chica intent\u00f3 ayudar al animal pero tambi\u00e9n fue alcanzada por la electricidad, por lo que debi\u00f3 recibir RCP de otra vecina que estaba en la plaza y luego fue trasladada al Hospital V\u00e9lez Sarsfield, ubicado a unas 15 cuadras del lugar. Una de las mujeres que se encontraban en el lugar asegur\u00f3 que los vecinos realizaron \u201cm\u00e1s de 20 veces\u00a0 la denuncia y no fueron escuchados.<\/p>\n","protected":false},"excerpt":{"rendered":"<p>Dos mujeres resultaron heridas, y el perro de una de ellas muri\u00f3, luego de recibir una descarga el\u00e9ctrica mientras paseaban por una plaza ubicada en el barrio de Monte Castro. El hecho ocurri\u00f3 cerca del mediod\u00eda de ayer jueves en la Plaza de Miranda y Gualeguaych\u00fa, cuando, seg\u00fan el relato de las mujeres, el perro [&hellip;]<\/p>\n","protected":false},"author":1,"featured_media":737,"comment_status":"open","ping_status":"open","sticky":false,"template":"","format":"standard","meta":{"_et_pb_use_builder":"","_et_pb_old_content":"","_et_gb_content_width":"","footnotes":""},"categories":[11,32],"tags":[],"class_list":["post-736","post","type-post","status-publish","format-standard","has-post-thumbnail","hentry","category-ciudad","category-comunas"],"_links":{"self":[{"href":"https:\/\/vocesdebaires.com.ar\/index.php\/wp-json\/wp\/v2\/posts\/736"}],"collection":[{"href":"https:\/\/vocesdebaires.com.ar\/index.php\/wp-json\/wp\/v2\/posts"}],"about":[{"href":"https:\/\/vocesdebaires.com.ar\/index.php\/wp-json\/wp\/v2\/types\/post"}],"author":[{"embeddable":true,"href":"https:\/\/vocesdebaires.com.ar\/index.php\/wp-json\/wp\/v2\/users\/1"}],"replies":[{"embeddable":true,"href":"https:\/\/vocesdebaires.com.ar\/index.php\/wp-json\/wp\/v2\/comments?post=736"}],"version-history":[{"count":0,"href":"https:\/\/vocesdebaires.com.ar\/index.php\/wp-json\/wp\/v2\/posts\/736\/revisions"}],"wp:featuredmedia":[{"embeddable":true,"href":"https:\/\/vocesdebaires.com.ar\/index.php\/wp-json\/wp\/v2\/media\/737"}],"wp:attachment":[{"href":"https:\/\/vocesdebaires.com.ar\/index.php\/wp-json\/wp\/v2\/media?parent=736"}],"wp:term":[{"taxonomy":"category","embeddable":true,"href":"https:\/\/vocesdebaires.com.ar\/index.php\/wp-json\/wp\/v2\/categories?post=736"},{"taxonomy":"post_tag","embeddable":true,"href":"https:\/\/vocesdebaires.com.ar\/index.php\/wp-json\/wp\/v2\/tags?post=736"}],"curies":[{"name":"wp","href":"https:\/\/api.w.org\/{rel}","templated":true}]}}