{"id":7414,"date":"2017-03-03T11:18:59","date_gmt":"2017-03-03T14:18:59","guid":{"rendered":"http:\/\/vocesdebaires.com.ar\/wordpress\/index.php\/2017\/03\/03\/amia-ayer-declaro-el-abogado-vigliero\/"},"modified":"2017-03-03T11:18:59","modified_gmt":"2017-03-03T14:18:59","slug":"amia-ayer-declaro-el-abogado-vigliero","status":"publish","type":"post","link":"https:\/\/vocesdebaires.com.ar\/index.php\/2017\/03\/03\/amia-ayer-declaro-el-abogado-vigliero\/","title":{"rendered":"AMIA: Ayer declar\u00f3 el abogado Vigliero"},"content":{"rendered":"<p>\u00a0<br \/>\nCon la presencia de un solo testigo se reanud\u00f3\u00a0 ayer el juicio por el encubrimiento del atentado a la AMIA. Se trat\u00f3 de Juan Pablo Vigliero, un abogado que dijo tener una amistad de muchos a\u00f1os con el ex fiscal de la causa imputado en este juicio, Jos\u00e9 Barbaccia.Fue justamente por esa relaci\u00f3n que la defensa de los ex fiscales lo pidi\u00f3 como testigo de concepto aunque termin\u00f3 siendo mejor aprovechado por las querellas por otro tema: Vigliero -junto a Mariano Cuneo Libarona- fue abogado de Juan Jos\u00e9 Ribelli durante pocos meses, cuando el ex comisario se encontraba ya detenido por el atentado.En ese contexto, tanto Cuneo Libarona como Vigliero, estuvieron detenidos unos d\u00edas sospechados de haber robado el famoso video del juzgado, en el cual se ve al ex juez de la causa, Juan Jos\u00e9 Galeano negociando un pago con Carlos Telleld\u00edn.<br \/>\nUna estrecha amistad<br \/>\nVigliero comenz\u00f3 elogiando al ex fiscal Jos\u00e9 Barbaccia, a quien conoci\u00f3 -seg\u00fan dijo- en la facultad \u201ca trav\u00e9s de Guillermo Montenegro\u201d.\u201cHace bastante que no lo veo pero no tengo duda de que se conduce con la vida misma y me cuesta comprender que pudiera ser capaz de cometer conscientemente un delito penal\u201d, admiti\u00f3.Sobre Eamon Mullen, dijo que lo conoce s\u00f3lo de Tribunales y que no tuvo relaci\u00f3n con \u00e9l pero que, \u201csi trabaja con Barbaccia, supongo que tiene caracter\u00edsticas \u00e9ticas\u201d.<br \/>\nLos detalles acerca de su amistad con Barbaccia, llevaron a las querellas a preguntarle al testigo si recibi\u00f3 la visita del ex fiscal cuando estuvo detenido sospechado de haber robado el video del juzgado de Galeano. \u201cNo. No correspond\u00eda hablar con los fiscales de la causa y no me sorprendi\u00f3 que no me visitara\u201d, contest\u00f3 y admiti\u00f3 tambi\u00e9n que no habl\u00f3 al respecto con Barbaccia a\u00f1os despu\u00e9s: \u201cMe daba pudor hablar de eso. Era ponerlo inc\u00f3modo hablar del video y no me parece necesario\u201d.<br \/>\nEl video<br \/>\nAl respecto de su incorporaci\u00f3n al equipo de defensa de Ribelli, Vigliero dijo que se desempe\u00f1aba como ayudante en la c\u00e1tedra de Cuneo Libarona y que \u00e9ste, en 1997, le ofreci\u00f3 participar. \u201cMe parec\u00eda un desaf\u00edo\u201d, opin\u00f3.En ese marco, Vigliero neg\u00f3 haber tenido reuniones con personal de Inteligencia o con el entonces presidente de la DAIA, Rub\u00e9n Beraja. \u201cNo recuerdo si Cuneo Libarona se reuni\u00f3 con Beraja pero lo mencion\u00f3\u201d, dijo.<br \/>\nEspec\u00edficamente sobre el video, cont\u00f3 que lleg\u00f3 un sobre por correo con el casete al estudio de Cuneo Libarona y que la reacci\u00f3n fue de impacto y estupor: \u201cEra impresionante ver que hab\u00eda c\u00e1maras en un despacho en Tribunales y hablaban de plata. Me pareci\u00f3 impactante\u201d.<br \/>\nA partir de eso, cont\u00f3 que quiso pedir la nulidad de la causa y presentar un planteo a la C\u00e1mara, aunque nunca lo hicieron por cuesti\u00f3n de tiempo: \u201cA los diez d\u00edas aproximadamente nos detuvieron. Dec\u00edan que nos hab\u00edamos robado el video (del juzgado)\u201d.<br \/>\nTambi\u00e9n cont\u00f3 que decidieron hacer p\u00fablico el video a trav\u00e9s de los medios de comunicaci\u00f3n pero que s\u00f3lo Jorge Lanata accedi\u00f3 a pasarlo en el programa D\u00eda D. \u201cClar\u00edn, el director de la Revista Noticias y otros se negaban a publicarlo\u201d, record\u00f3 y lament\u00f3 tambi\u00e9n su exposici\u00f3n en la prensa: \u201cRecib\u00ed cientos de llamados de periodistas y los medios difund\u00edan escuchas telef\u00f3nicas que estaban a cargo del juzgado de Galeano. Eran conversaciones m\u00edas con mi esposa, con Cuneo Libarona. Los tel\u00e9fonos estaban intervenidos\u201d<br \/>\nPor \u00faltimo, dijo que tras su detenci\u00f3n, con Cuneo Libarona decidieron renunciar a la defensa de Ribelli, y que cuando sali\u00f3 en libertad se reuni\u00f3, a pedido suyo, con familiares de las v\u00edctimas \u201cpara explicarles lo que hab\u00eda ocurrido\u201d. Para el pr\u00f3ximo lunes, est\u00e1 prevista la declaraci\u00f3n testimonial de Carlos &quot;Chacho&quot; \u00c1lvarez y de un agente de Inteligencia.<\/p>\n","protected":false},"excerpt":{"rendered":"<p>\u00a0 Con la presencia de un solo testigo se reanud\u00f3\u00a0 ayer el juicio por el encubrimiento del atentado a la AMIA. Se trat\u00f3 de Juan Pablo Vigliero, un abogado que dijo tener una amistad de muchos a\u00f1os con el ex fiscal de la causa imputado en este juicio, Jos\u00e9 Barbaccia.Fue justamente por esa relaci\u00f3n que [&hellip;]<\/p>\n","protected":false},"author":1,"featured_media":7415,"comment_status":"open","ping_status":"open","sticky":false,"template":"","format":"standard","meta":{"_et_pb_use_builder":"","_et_pb_old_content":"","_et_gb_content_width":"","footnotes":""},"categories":[12,34],"tags":[],"class_list":["post-7414","post","type-post","status-publish","format-standard","has-post-thumbnail","hentry","category-nacion","category-politica"],"_links":{"self":[{"href":"https:\/\/vocesdebaires.com.ar\/index.php\/wp-json\/wp\/v2\/posts\/7414"}],"collection":[{"href":"https:\/\/vocesdebaires.com.ar\/index.php\/wp-json\/wp\/v2\/posts"}],"about":[{"href":"https:\/\/vocesdebaires.com.ar\/index.php\/wp-json\/wp\/v2\/types\/post"}],"author":[{"embeddable":true,"href":"https:\/\/vocesdebaires.com.ar\/index.php\/wp-json\/wp\/v2\/users\/1"}],"replies":[{"embeddable":true,"href":"https:\/\/vocesdebaires.com.ar\/index.php\/wp-json\/wp\/v2\/comments?post=7414"}],"version-history":[{"count":0,"href":"https:\/\/vocesdebaires.com.ar\/index.php\/wp-json\/wp\/v2\/posts\/7414\/revisions"}],"wp:featuredmedia":[{"embeddable":true,"href":"https:\/\/vocesdebaires.com.ar\/index.php\/wp-json\/wp\/v2\/media\/7415"}],"wp:attachment":[{"href":"https:\/\/vocesdebaires.com.ar\/index.php\/wp-json\/wp\/v2\/media?parent=7414"}],"wp:term":[{"taxonomy":"category","embeddable":true,"href":"https:\/\/vocesdebaires.com.ar\/index.php\/wp-json\/wp\/v2\/categories?post=7414"},{"taxonomy":"post_tag","embeddable":true,"href":"https:\/\/vocesdebaires.com.ar\/index.php\/wp-json\/wp\/v2\/tags?post=7414"}],"curies":[{"name":"wp","href":"https:\/\/api.w.org\/{rel}","templated":true}]}}