{"id":742,"date":"2020-01-30T03:00:00","date_gmt":"2020-01-30T06:00:00","guid":{"rendered":"http:\/\/vocesdebaires.com.ar\/wordpress\/index.php\/2020\/01\/30\/carnaval-porteno-2020-todo-sobre-cortes-de-calle\/"},"modified":"2020-01-30T03:00:00","modified_gmt":"2020-01-30T06:00:00","slug":"carnaval-porteno-2020-todo-sobre-cortes-de-calle","status":"publish","type":"post","link":"https:\/\/vocesdebaires.com.ar\/index.php\/2020\/01\/30\/carnaval-porteno-2020-todo-sobre-cortes-de-calle\/","title":{"rendered":"Carnaval Porte\u00f1o 2020: Todo sobre  cortes de calle"},"content":{"rendered":"<p>Del 1 al 25 de febrero se llevar\u00e1 a cabo una nueva edici\u00f3n del Carnaval Porte\u00f1o, con 34 corsos que llenar\u00e1n de color y alegr\u00eda los barrios de la Ciudad. A continuaci\u00f3n, el detalle de los cortes de calles previstos para cada d\u00eda. Corsos\/cortes programados:<\/p>\n<p>Almagro I (Av. D\u00edaz V\u00e9lez e\/ Pringles y Gasc\u00f3n) 1 al 25 de febrero, los s\u00e1bados y domingos.<br \/>Almagro II (Lambar\u00e9 e\/ Sarmiento y Bogado) 15 y 16 de febrero.<br \/>Av. de Mayo (Av de Mayo e\/ Bol\u00edvar y Lima) lunes 24 de febrero.<br \/>Boedo I (Av. Boedo e\/ Av. Independencia y San Juan) 1, 2, 8, 9, 15, 16, 22, 23, 24 y 25 de febrero.<br \/>Boedo II (Av. Belgrano e\/ Colombres y Maza) 1, 2, 8 y 9 de febrero.<br \/>Caballito (Segu\u00ed e\/Gaona y Neuqu\u00e9n) 1, 2, 8, 9, 15, 16, 22, 23, 24 y 25 de febrero.<br \/>La Boca (Av. P\u00e9rez Gald\u00f3s y Caboto) 8, 9, 15, 16, 22, 23, 24 y 25 de febrero.<br \/>Liniers I (Tonelero e\/ Cafayate y M. Leguizam\u00f3n) 15, 16, 22, 23, 24 y 25 de febrero.<br \/>Liniers II (Mart\u00ednez de Hoz e\/ Arce y Jos\u00e9 Le\u00f3n Su\u00e1rez) 15 y 16 de febrero.<br \/>Lugano I (Escalada e\/Zuvir\u00eda y Hubac) 22, 23, 24 y 25 de febrero.<br \/>Lugano II (Av. F.F. de la Cruz y Lisandro de la Torre) 1, 2, 8, 9, 15, 16, 22, 23, 24 y 25 de febrero.<br \/>Mataderos (Alberdi e\/ Araujo y Escalada), 1, 2, 8, 9, 15, 16, 22, 23, 24 y 25 de febrero.<br \/>Monserrat (San Jos\u00e9 e\/ M\u00e9xico y Chile) 1 y 2 de febrero.<br \/>Palermo I (Darwin e\/Cabrera y Gorriti) 1, 2, 8, 9, 15, 16, 22, 23, 24 y 25 de febrero.<br \/>Parque Avellaneda (Fern\u00e1ndez e\/Directorio y Rodo) 1, 2, 8, 9, 15, 16, 22, 23, 24 y 25 de febrero.<br \/>Parque Saavedra II ( Av. Garc\u00eda del R\u00edo e\/ Conde y Zapiola) 1, 2, 8, 9, 15, 16, 22, 23, 24 y 25 de febrero.<br \/>Paternal I (Av. \u00c1lvarez Jonte e\/Terrero y Gavil\u00e1n), 1, 2, 8, 9, 15, 16, 22, 23, 24 y 25 de febrero.<br \/>Plaza Espa\u00f1a (Av. Caseros e\/San Jos\u00e9 y Santiago del Estero) 1, 2, 8 y 9 de febrero.<br \/>Pompeya I (Av. La Plata e\/Cruz y Cobo) 1, 2, 8, 9, 15, 16, 22, 23, 24 y 25 de febrero.<br \/>Saavedra III (Av. Balbin e\/Arias y Correa) 1, 2, 8, 9, 15, 16, 22, 23, 24 y 25 de febrero.<br \/>Villa Pueyrred\u00f3n (Av Mosconi e\/Bolivia y Zamudio) 1, 2, 8, 9, 15, 16, 22, 23, 24 y 25 de febrero.<br \/>Villa Crespo (Av. Scalabrini Ortiz e\/ Av. Corrientes y Padilla) 1, 2, 8, 9, 15, 16, 22, 23, 24 y 25 de febrero.<br \/>Villa Urquiza (Av. Triunvirato e\/ Av. Monroe y Av. Olaz\u00e1bal) 1, 2, 8, 9, 15, 16, 22, 23, 24 y 25 de febrero.<\/p>\n<p>Plazas, anfiteatros y clubes de barrio<\/p>\n<p>Barracas (Av. Herrera y Av. Su\u00e1rez, Polideportivo) 1 al 25 de febrero, los s\u00e1bados y domingos.<br \/>Colegiales (Freire y Concepci\u00f3n Arenal, Polideportivo) 1, 2, 8, 9, 15, 16, 22, 23, 24 y 25 de febrero.<br \/>Lugano III (Delf\u00edn Gallo e\/ Murguiondo y Cafayate, Anfiteatro) 22, 23, 24 y 25 de febrero.<br \/>Palermo II (Costa Rica e\/Acu\u00f1a de Figueroa y Medrano, Plaza Unidad Latinoamericana) 1, 2, 23 y 24 de febrero.<br \/>Parque Chacabuco (Curapalig\u00fce y Asamblea, Plaza Parque Chacabuco) 22, 23, 24 y 25 de febrero.<br \/>Paternal II (Juan B. Justo e\/Boyac\u00e1 y Andr\u00e9s Lamas, Plaza Dr. Roque S\u00e1enz Pe\u00f1a) 1 y 2 de febrero.<br \/>Piedrabuena (2 de abril de 1982 y Colectora Gral. Paz, Anfiteatro) 2 y 8 de febrero.<br \/>Parque Lezama (Balcarce y Brasil) 1, 2, 8, 9, 15, 16, 22, 23, 24 y 25 de febrero.<br \/>San Crist\u00f3bal (La Rioja y Cochabamba, Plaza Mart\u00edn Fierro) 1, 2, 8 y 9 de febrero.<br \/>Villa Devoto (Av. Beiro y Pedro Varela, Plaza Tte. Gral. Pablo Ricchieri) 1, 2, 8, 9, 15, 16, 22, 23, 24 y 25 de febrero.<br \/>Villa Real (Moliere y Pedro Varela, Plaza Las Toscaneras) 22, 23, 24 y 25 de febrero.<\/p>\n","protected":false},"excerpt":{"rendered":"<p>Del 1 al 25 de febrero se llevar\u00e1 a cabo una nueva edici\u00f3n del Carnaval Porte\u00f1o, con 34 corsos que llenar\u00e1n de color y alegr\u00eda los barrios de la Ciudad. A continuaci\u00f3n, el detalle de los cortes de calles previstos para cada d\u00eda. Corsos\/cortes programados: Almagro I (Av. D\u00edaz V\u00e9lez e\/ Pringles y Gasc\u00f3n) 1 [&hellip;]<\/p>\n","protected":false},"author":1,"featured_media":743,"comment_status":"open","ping_status":"open","sticky":false,"template":"","format":"standard","meta":{"_et_pb_use_builder":"","_et_pb_old_content":"","_et_gb_content_width":"","footnotes":""},"categories":[11,32],"tags":[],"class_list":["post-742","post","type-post","status-publish","format-standard","has-post-thumbnail","hentry","category-ciudad","category-comunas"],"_links":{"self":[{"href":"https:\/\/vocesdebaires.com.ar\/index.php\/wp-json\/wp\/v2\/posts\/742"}],"collection":[{"href":"https:\/\/vocesdebaires.com.ar\/index.php\/wp-json\/wp\/v2\/posts"}],"about":[{"href":"https:\/\/vocesdebaires.com.ar\/index.php\/wp-json\/wp\/v2\/types\/post"}],"author":[{"embeddable":true,"href":"https:\/\/vocesdebaires.com.ar\/index.php\/wp-json\/wp\/v2\/users\/1"}],"replies":[{"embeddable":true,"href":"https:\/\/vocesdebaires.com.ar\/index.php\/wp-json\/wp\/v2\/comments?post=742"}],"version-history":[{"count":0,"href":"https:\/\/vocesdebaires.com.ar\/index.php\/wp-json\/wp\/v2\/posts\/742\/revisions"}],"wp:featuredmedia":[{"embeddable":true,"href":"https:\/\/vocesdebaires.com.ar\/index.php\/wp-json\/wp\/v2\/media\/743"}],"wp:attachment":[{"href":"https:\/\/vocesdebaires.com.ar\/index.php\/wp-json\/wp\/v2\/media?parent=742"}],"wp:term":[{"taxonomy":"category","embeddable":true,"href":"https:\/\/vocesdebaires.com.ar\/index.php\/wp-json\/wp\/v2\/categories?post=742"},{"taxonomy":"post_tag","embeddable":true,"href":"https:\/\/vocesdebaires.com.ar\/index.php\/wp-json\/wp\/v2\/tags?post=742"}],"curies":[{"name":"wp","href":"https:\/\/api.w.org\/{rel}","templated":true}]}}