{"id":7422,"date":"2017-03-03T10:39:37","date_gmt":"2017-03-03T13:39:37","guid":{"rendered":"http:\/\/vocesdebaires.com.ar\/wordpress\/index.php\/2017\/03\/03\/vidal-reunion-de-gabinete-nacional-ampliado\/"},"modified":"2017-03-03T10:39:37","modified_gmt":"2017-03-03T13:39:37","slug":"vidal-reunion-de-gabinete-nacional-ampliado","status":"publish","type":"post","link":"https:\/\/vocesdebaires.com.ar\/index.php\/2017\/03\/03\/vidal-reunion-de-gabinete-nacional-ampliado\/","title":{"rendered":"Vidal: Reuni\u00f3n de gabinete nacional ampliado"},"content":{"rendered":"<p>\u00a0<br \/>\nLa gobernadora de la provincia de Buenos Aires, Mar\u00eda Eugenia Vidal, particip\u00f3 ayer\u00a0 junto al presidente Mauricio Macri, y el jefe de gobierno porte\u00f1o, Horacio Rodr\u00edguez Larreta, de la reuni\u00f3n del Gabinete Nacional ampliado, que se realiz\u00f3 en el CCK de la ciudad de Buenos Aires. Participaron del encuentro la vicepresidente de la Naci\u00f3n, Gabriela Michetti; el jefe de Gabinete de la Naci\u00f3n, Marcos Pe\u00f1a; y los gabinetes de la Naci\u00f3n, de la Provincia y de la Ciudad de Buenos Aires.<\/p>\n","protected":false},"excerpt":{"rendered":"<p>\u00a0 La gobernadora de la provincia de Buenos Aires, Mar\u00eda Eugenia Vidal, particip\u00f3 ayer\u00a0 junto al presidente Mauricio Macri, y el jefe de gobierno porte\u00f1o, Horacio Rodr\u00edguez Larreta, de la reuni\u00f3n del Gabinete Nacional ampliado, que se realiz\u00f3 en el CCK de la ciudad de Buenos Aires. Participaron del encuentro la vicepresidente de la Naci\u00f3n, [&hellip;]<\/p>\n","protected":false},"author":1,"featured_media":7423,"comment_status":"open","ping_status":"open","sticky":false,"template":"","format":"standard","meta":{"_et_pb_use_builder":"","_et_pb_old_content":"","_et_gb_content_width":"","footnotes":""},"categories":[34,13],"tags":[],"class_list":["post-7422","post","type-post","status-publish","format-standard","has-post-thumbnail","hentry","category-politica","category-provincia"],"_links":{"self":[{"href":"https:\/\/vocesdebaires.com.ar\/index.php\/wp-json\/wp\/v2\/posts\/7422"}],"collection":[{"href":"https:\/\/vocesdebaires.com.ar\/index.php\/wp-json\/wp\/v2\/posts"}],"about":[{"href":"https:\/\/vocesdebaires.com.ar\/index.php\/wp-json\/wp\/v2\/types\/post"}],"author":[{"embeddable":true,"href":"https:\/\/vocesdebaires.com.ar\/index.php\/wp-json\/wp\/v2\/users\/1"}],"replies":[{"embeddable":true,"href":"https:\/\/vocesdebaires.com.ar\/index.php\/wp-json\/wp\/v2\/comments?post=7422"}],"version-history":[{"count":0,"href":"https:\/\/vocesdebaires.com.ar\/index.php\/wp-json\/wp\/v2\/posts\/7422\/revisions"}],"wp:featuredmedia":[{"embeddable":true,"href":"https:\/\/vocesdebaires.com.ar\/index.php\/wp-json\/wp\/v2\/media\/7423"}],"wp:attachment":[{"href":"https:\/\/vocesdebaires.com.ar\/index.php\/wp-json\/wp\/v2\/media?parent=7422"}],"wp:term":[{"taxonomy":"category","embeddable":true,"href":"https:\/\/vocesdebaires.com.ar\/index.php\/wp-json\/wp\/v2\/categories?post=7422"},{"taxonomy":"post_tag","embeddable":true,"href":"https:\/\/vocesdebaires.com.ar\/index.php\/wp-json\/wp\/v2\/tags?post=7422"}],"curies":[{"name":"wp","href":"https:\/\/api.w.org\/{rel}","templated":true}]}}