{"id":7437,"date":"2017-07-19T03:00:00","date_gmt":"2017-07-19T06:00:00","guid":{"rendered":"http:\/\/vocesdebaires.com.ar\/wordpress\/index.php\/2017\/07\/19\/puntos-verdes-moviles-recorreran-las-15-comunas\/"},"modified":"2017-07-19T03:00:00","modified_gmt":"2017-07-19T06:00:00","slug":"puntos-verdes-moviles-recorreran-las-15-comunas","status":"publish","type":"post","link":"https:\/\/vocesdebaires.com.ar\/index.php\/2017\/07\/19\/puntos-verdes-moviles-recorreran-las-15-comunas\/","title":{"rendered":"Puntos Verdes M\u00f3viles recorrer\u00e1n las 15 comunas"},"content":{"rendered":"<p>\u00a0<br \/>\nLa Ciudad cuenta ahora con cuatro Puntos Verdes M\u00f3viles que recorrer\u00e1n las 15 comunas para favorecer el reciclado de aparatos el\u00e9ctricos, electr\u00f3nicos y aceite vegetal usado. Se suman a los casi 60 Puntos Verdes Fijos ya existentes para que los vecinos puedan planificar la recolecci\u00f3n de estos materiales altamente contaminantes. Pr\u00f3ximamente recibir\u00e1n tambi\u00e9n pilas, bater\u00edas y cartuchos de impresoras .Durante las campa\u00f1as de recepci\u00f3n realizadas el a\u00f1o pasado por el Ministerio de Ambiente y Espacio P\u00fablico porte\u00f1o, a trav\u00e9s de la Agencia de Protecci\u00f3n Ambiental, se juntaron 10.024 aparatos electr\u00f3nicos y el\u00e9ctricos en desuso, cifra que equivale a 16,7 toneladas. Se trata de residuos que son muy contaminantes por lo que, si no se descartan de manera correcta, generan grandes impactos en el medio ambiente.<br \/>\nLos aparatos que se reciben son enviados a la Cooperativa Reciclando Trabajo y Dignidad donde son desmontados, sus partes reciclables se env\u00edan a empresas de reciclaje y los componentes peligrosos reciben el tratamiento que les corresponde.Cerca del 90% de los componentes de estos aparatos se puede reciclar -principalmente pl\u00e1sticos y metales como oro, plata, cobre, aluminio- como una forma de miner\u00eda urbana que reduce la necesidad de extraer estos recursos de la naturaleza. Una peque\u00f1a fracci\u00f3n de estos equipos tiene componentes peligrosos, que deben ser gestionados adecuadamente.<br \/>\n&quot;Con la incorporaci\u00f3n de estos cuatro Puntos Verdes M\u00f3viles acercamos la posibilidad de reciclar a los vecinos. El a\u00f1o pasado hicimos un gran trabajo con campa\u00f1as para recuperar aparatos electr\u00f3nicos y el\u00e9ctricos en desuso, y este a\u00f1o comenzamos a recibir aceites. Pronto sumaremos la recepci\u00f3n de pilas, bater\u00edas y cartuchos de impresoras, entre otros&quot;, expres\u00f3 Eduardo Macchiavelli, ministro de Ambiente y Espacio P\u00fablico porte\u00f1o. &quot;Queremos reducir el impacto ambiental que generamos todos los d\u00edas. Por eso le pedimos a los vecinos que aprovechen estos Puntos Verdes M\u00f3viles y acerquen sus aparatos electr\u00f3nicos y aceite&quot;, pidi\u00f3 Juan Bautista Filgueira Risso, presidente de la Agencia de Protecci\u00f3n Ambiental de la Ciudad.<br \/>\nFoto de APRA &#8211; MAyEP<\/p>\n","protected":false},"excerpt":{"rendered":"<p>\u00a0 La Ciudad cuenta ahora con cuatro Puntos Verdes M\u00f3viles que recorrer\u00e1n las 15 comunas para favorecer el reciclado de aparatos el\u00e9ctricos, electr\u00f3nicos y aceite vegetal usado. Se suman a los casi 60 Puntos Verdes Fijos ya existentes para que los vecinos puedan planificar la recolecci\u00f3n de estos materiales altamente contaminantes. Pr\u00f3ximamente recibir\u00e1n tambi\u00e9n pilas, [&hellip;]<\/p>\n","protected":false},"author":1,"featured_media":0,"comment_status":"open","ping_status":"open","sticky":false,"template":"","format":"standard","meta":{"_et_pb_use_builder":"","_et_pb_old_content":"","_et_gb_content_width":"","footnotes":""},"categories":[11,32],"tags":[],"class_list":["post-7437","post","type-post","status-publish","format-standard","hentry","category-ciudad","category-comunas"],"_links":{"self":[{"href":"https:\/\/vocesdebaires.com.ar\/index.php\/wp-json\/wp\/v2\/posts\/7437"}],"collection":[{"href":"https:\/\/vocesdebaires.com.ar\/index.php\/wp-json\/wp\/v2\/posts"}],"about":[{"href":"https:\/\/vocesdebaires.com.ar\/index.php\/wp-json\/wp\/v2\/types\/post"}],"author":[{"embeddable":true,"href":"https:\/\/vocesdebaires.com.ar\/index.php\/wp-json\/wp\/v2\/users\/1"}],"replies":[{"embeddable":true,"href":"https:\/\/vocesdebaires.com.ar\/index.php\/wp-json\/wp\/v2\/comments?post=7437"}],"version-history":[{"count":0,"href":"https:\/\/vocesdebaires.com.ar\/index.php\/wp-json\/wp\/v2\/posts\/7437\/revisions"}],"wp:attachment":[{"href":"https:\/\/vocesdebaires.com.ar\/index.php\/wp-json\/wp\/v2\/media?parent=7437"}],"wp:term":[{"taxonomy":"category","embeddable":true,"href":"https:\/\/vocesdebaires.com.ar\/index.php\/wp-json\/wp\/v2\/categories?post=7437"},{"taxonomy":"post_tag","embeddable":true,"href":"https:\/\/vocesdebaires.com.ar\/index.php\/wp-json\/wp\/v2\/tags?post=7437"}],"curies":[{"name":"wp","href":"https:\/\/api.w.org\/{rel}","templated":true}]}}