{"id":744,"date":"2020-01-30T03:00:00","date_gmt":"2020-01-30T06:00:00","guid":{"rendered":"http:\/\/vocesdebaires.com.ar\/wordpress\/index.php\/2020\/01\/30\/en-la-ciudad-arranco-el-ano-nuevo-chino\/"},"modified":"2020-01-30T03:00:00","modified_gmt":"2020-01-30T06:00:00","slug":"en-la-ciudad-arranco-el-ano-nuevo-chino","status":"publish","type":"post","link":"https:\/\/vocesdebaires.com.ar\/index.php\/2020\/01\/30\/en-la-ciudad-arranco-el-ano-nuevo-chino\/","title":{"rendered":"En la ciudad arranc\u00f3 el A\u00f1o Nuevo Chino"},"content":{"rendered":"<p>La Ciudad recibe el 4718, a\u00f1o de la Rata de Metal, con una celebraci\u00f3n que se extender\u00e1 a lo largo de 15 d\u00edas tal como sucede en el pa\u00eds asi\u00e1tico. Desde el 18 de enero se est\u00e1n desarrollando una serie de actividades que encontrar\u00e1 su gran cierre el domingo 2 de febrero, con el BA Celebra el A\u00f1o Nuevo Chino, que organiza el Gobierno de la Ciudad en Av. Figueroa Alcorta y Sucre de 12 a 20 horas, con gastronom\u00eda, demostraciones de artes marciales, shows, m\u00fasica en vivo y la infaltable danza de dragones y leones. Seg\u00fan datos oficiales, m\u00e1s de 100 mil personas participaron de los festejos iniciales por el A\u00f1o Nuevo Chino.<\/p>\n<p>\u201cEl a\u00f1o nuevo chino se convirti\u00f3 en un cl\u00e1sico de esa diversidad cultural que hace tan particular a Buenos Aires\u201d expres\u00f3 Pamela Malewicz, Subsecretaria de Derechos Humanos y Pluralismo Cultural de la Ciudad y sostuvo que \u201ces muy importante que las colectividades puedan compartir sus creencias y tradiciones con todos los vecinos y vecinas\u201d. El inicio de las actividades fue el 18 de enero, cuando comenz\u00f3 la Ruta del A\u00f1o Nuevo Chino. Consiste en un tour cultural milenario por distintos puntos de la Ciudad y en su recorrido los participantes ir\u00e1n acumulando sellos para participar por un viaje a China para dos personas. Los interesados deben contar con un Pasaporte Cultural que se puede solicitar en <a href=\"http:\/\/www.rutachina.com\">www.rutachina.com<\/a>.<\/p>\n<p>Estos 25 y 26 de enero los festejos se centraron en el Barrio Chino con un Festival en Arribe\u00f1os y Juramento. All\u00ed, la Asociaci\u00f3n Barrio Chino de Buenos Aires despleg\u00f3 toda su propuesta en 100 locales comerciales, 20 stands gastron\u00f3micos y culturales y m\u00faltiples espect\u00e1culos con m\u00e1s de 200 artistas. La calle se convirti\u00f3 en una pasarela para el desfile \u201cModerno y Milenario\u201d que representar\u00e1 la evoluci\u00f3n del vestuario de esta cultural milenaria. Por la tarde el escenario se llen\u00f3 de danzas de drag\u00f3n y le\u00f3n, exhibiciones ancestrales y de artes marciales, desfiles de tambores chinos, yoga, danzas, hor\u00f3scopo y m\u00e1s.<\/p>\n<p>Tambi\u00e9n se pudieron ver los botes drag\u00f3n, considerados dragones de agua y con una rica historia de 2200 a\u00f1os en China. Durante la jornada, compitieron 15 equipos de 20 remeros cada uno, chinos y argentinos, que se reunieron en Dique III de Puerto Madero y con el Puente de la Mujer de fondo. All\u00ed, se desarroll\u00f3 la ceremonia del Despertar del Drag\u00f3n, donde autoridades de ambos pa\u00edses pintaron las pupilas del Drag\u00f3n, d\u00e1ndole vida y paso al comienzo de las actividades. El domingo se llev\u00f3 a cabo BA Celebra A\u00f1o Nuevo Chino, en Parques Nacionales Argentinos (Av. Figueroa Alcorta y Sucre). Por 7\u00b0 a\u00f1o consecutivo la colectividad china despleg\u00f3 su propuesta cultural en m\u00e1s de 60 stands gastron\u00f3micos y de artesan\u00edas, con un impactante escenario donde hubo shows y m\u00fasica en vivo.<\/p>\n<p>Se estima que viven en el pa\u00eds unos 200 mil chinos, de los cuales el 70% reside en la Ciudad de Buenos Aires y el \u00e1rea metropolitana, un volumen que posiciona a la comunidad china como la cuarta m\u00e1s grande del pa\u00eds, detr\u00e1s de la boliviana, la paraguaya y la peruana\u201d explican desde la Subsecretar\u00eda de Derechos Humanos y Pluralismo Cultural que depende de la Vicejefatura del Gobierno porte\u00f1a y organiza estas celebraciones en la Ciudad, junto a los integrantes de la colectividad. La Subsecretar\u00eda de Derechos Humanos y Pluralismo Cultural, a trav\u00e9s de la Direcci\u00f3n General de Colectividades, mantiene firme el compromiso de seguir fomentando y visualizando la cultura de las colectividades con el objetivo de mantenerla viva para todos los vecinos y las vecinas de la Ciudad.<\/p>\n","protected":false},"excerpt":{"rendered":"<p>La Ciudad recibe el 4718, a\u00f1o de la Rata de Metal, con una celebraci\u00f3n que se extender\u00e1 a lo largo de 15 d\u00edas tal como sucede en el pa\u00eds asi\u00e1tico. Desde el 18 de enero se est\u00e1n desarrollando una serie de actividades que encontrar\u00e1 su gran cierre el domingo 2 de febrero, con el BA [&hellip;]<\/p>\n","protected":false},"author":1,"featured_media":745,"comment_status":"open","ping_status":"open","sticky":false,"template":"","format":"standard","meta":{"_et_pb_use_builder":"","_et_pb_old_content":"","_et_gb_content_width":"","footnotes":""},"categories":[11,32],"tags":[],"class_list":["post-744","post","type-post","status-publish","format-standard","has-post-thumbnail","hentry","category-ciudad","category-comunas"],"_links":{"self":[{"href":"https:\/\/vocesdebaires.com.ar\/index.php\/wp-json\/wp\/v2\/posts\/744"}],"collection":[{"href":"https:\/\/vocesdebaires.com.ar\/index.php\/wp-json\/wp\/v2\/posts"}],"about":[{"href":"https:\/\/vocesdebaires.com.ar\/index.php\/wp-json\/wp\/v2\/types\/post"}],"author":[{"embeddable":true,"href":"https:\/\/vocesdebaires.com.ar\/index.php\/wp-json\/wp\/v2\/users\/1"}],"replies":[{"embeddable":true,"href":"https:\/\/vocesdebaires.com.ar\/index.php\/wp-json\/wp\/v2\/comments?post=744"}],"version-history":[{"count":0,"href":"https:\/\/vocesdebaires.com.ar\/index.php\/wp-json\/wp\/v2\/posts\/744\/revisions"}],"wp:featuredmedia":[{"embeddable":true,"href":"https:\/\/vocesdebaires.com.ar\/index.php\/wp-json\/wp\/v2\/media\/745"}],"wp:attachment":[{"href":"https:\/\/vocesdebaires.com.ar\/index.php\/wp-json\/wp\/v2\/media?parent=744"}],"wp:term":[{"taxonomy":"category","embeddable":true,"href":"https:\/\/vocesdebaires.com.ar\/index.php\/wp-json\/wp\/v2\/categories?post=744"},{"taxonomy":"post_tag","embeddable":true,"href":"https:\/\/vocesdebaires.com.ar\/index.php\/wp-json\/wp\/v2\/tags?post=744"}],"curies":[{"name":"wp","href":"https:\/\/api.w.org\/{rel}","templated":true}]}}