{"id":7479,"date":"2017-07-14T03:42:30","date_gmt":"2017-07-14T06:42:30","guid":{"rendered":"http:\/\/vocesdebaires.com.ar\/wordpress\/index.php\/2017\/07\/14\/polideportivo-santojanni-santilli-inauguro-obras\/"},"modified":"2017-07-14T03:42:30","modified_gmt":"2017-07-14T06:42:30","slug":"polideportivo-santojanni-santilli-inauguro-obras","status":"publish","type":"post","link":"https:\/\/vocesdebaires.com.ar\/index.php\/2017\/07\/14\/polideportivo-santojanni-santilli-inauguro-obras\/","title":{"rendered":"Polideportivo Santojanni: Santilli inaugur\u00f3  obras"},"content":{"rendered":"<p>\u00a0<br \/>\nLiniers recuper\u00f3 el\u00a0 brillo\u00a0 de uno de los sitios representativos de la zona: el Polideportivo Santojanni. El Vicejefe de Gobierno porte\u00f1o, Diego Santilli recorri\u00f3 las nuevas obras realizadas en el lugar en el marco del plan que el gobierno porte\u00f1o, a trav\u00e9s de su Subsecretar\u00eda de Deportes, puso en marcha\u00a0 para renovar\u00a0 los 12 polideportivos y los grandes parques de la Ciudad. Las primeras tareas arrancaron en noviembre de 2016 y finalizar\u00e1n en agosto de 2017.\u00a0  \u201cLugares como el Santojanni cumplen una funci\u00f3n vital en el barrio, tenerlo en condiciones incentiva a los chicos a hacer deporte. Queremos que los parques y polideportivos\u00a0 vuelvan a ser punto de encuentro de los vecinos\u201d, expres\u00f3 Diego Santilli.\u00a0El plan de remodelaci\u00f3n incluy\u00f3 la inauguraci\u00f3n de la cancha sint\u00e9tica de f\u00fatbol 9, el arreglo de cuatro canchas de tenis, una cancha de f\u00fatbol 5 y canchas de b\u00e1squet y v\u00f3ley, el mantenimiento de vestuarios y del sistema el\u00e9ctrico y cloacal, entre otros trabajos. Del acto, tambi\u00e9n participaron el Secretario de Desarrollo Ciudadano, Mat\u00edas L\u00f3pez y el Subsecretario de Deportes, Luis Lobo. Entre las acciones que se desarrollaron durante la jornada, hubo actividades recreativas de f\u00fatbol inclusivo coordinadas con diferentes shows y cl\u00ednicas deportivas dirigidas a vecinos y chicos del barrio.\u00a0\u00a0\u00a0\u201cEl deporte transmite valores y da salud. Mientras m\u00e1s gente haga deporte, mejor estaremos porque hace bien en todos los sentidos. Nuestra funci\u00f3n es acercarle el deporte a la gente para que mejore su calidad de vida\u201d parques y polideportivos\u00a0 vuelvan a ser punto de encuentro de los vecinos\u201d, cerr\u00f3 el Vicejefe.<\/p>\n","protected":false},"excerpt":{"rendered":"<p>\u00a0 Liniers recuper\u00f3 el\u00a0 brillo\u00a0 de uno de los sitios representativos de la zona: el Polideportivo Santojanni. El Vicejefe de Gobierno porte\u00f1o, Diego Santilli recorri\u00f3 las nuevas obras realizadas en el lugar en el marco del plan que el gobierno porte\u00f1o, a trav\u00e9s de su Subsecretar\u00eda de Deportes, puso en marcha\u00a0 para renovar\u00a0 los 12 [&hellip;]<\/p>\n","protected":false},"author":1,"featured_media":7480,"comment_status":"open","ping_status":"open","sticky":false,"template":"","format":"standard","meta":{"_et_pb_use_builder":"","_et_pb_old_content":"","_et_gb_content_width":"","footnotes":""},"categories":[11,32],"tags":[],"class_list":["post-7479","post","type-post","status-publish","format-standard","has-post-thumbnail","hentry","category-ciudad","category-comunas"],"_links":{"self":[{"href":"https:\/\/vocesdebaires.com.ar\/index.php\/wp-json\/wp\/v2\/posts\/7479"}],"collection":[{"href":"https:\/\/vocesdebaires.com.ar\/index.php\/wp-json\/wp\/v2\/posts"}],"about":[{"href":"https:\/\/vocesdebaires.com.ar\/index.php\/wp-json\/wp\/v2\/types\/post"}],"author":[{"embeddable":true,"href":"https:\/\/vocesdebaires.com.ar\/index.php\/wp-json\/wp\/v2\/users\/1"}],"replies":[{"embeddable":true,"href":"https:\/\/vocesdebaires.com.ar\/index.php\/wp-json\/wp\/v2\/comments?post=7479"}],"version-history":[{"count":0,"href":"https:\/\/vocesdebaires.com.ar\/index.php\/wp-json\/wp\/v2\/posts\/7479\/revisions"}],"wp:featuredmedia":[{"embeddable":true,"href":"https:\/\/vocesdebaires.com.ar\/index.php\/wp-json\/wp\/v2\/media\/7480"}],"wp:attachment":[{"href":"https:\/\/vocesdebaires.com.ar\/index.php\/wp-json\/wp\/v2\/media?parent=7479"}],"wp:term":[{"taxonomy":"category","embeddable":true,"href":"https:\/\/vocesdebaires.com.ar\/index.php\/wp-json\/wp\/v2\/categories?post=7479"},{"taxonomy":"post_tag","embeddable":true,"href":"https:\/\/vocesdebaires.com.ar\/index.php\/wp-json\/wp\/v2\/tags?post=7479"}],"curies":[{"name":"wp","href":"https:\/\/api.w.org\/{rel}","templated":true}]}}