{"id":7483,"date":"2017-07-14T03:25:19","date_gmt":"2017-07-14T06:25:19","guid":{"rendered":"http:\/\/vocesdebaires.com.ar\/wordpress\/index.php\/2017\/07\/14\/atlanta-renuevan-la-cesion-de-un-terreno\/"},"modified":"2017-07-14T03:25:19","modified_gmt":"2017-07-14T06:25:19","slug":"atlanta-renuevan-la-cesion-de-un-terreno","status":"publish","type":"post","link":"https:\/\/vocesdebaires.com.ar\/index.php\/2017\/07\/14\/atlanta-renuevan-la-cesion-de-un-terreno\/","title":{"rendered":"Atlanta: Renuevan la cesi\u00f3n de un terreno"},"content":{"rendered":"<p>\u00a0<br \/>\nSe trata del predio ubicado en la calle Humboldt 486\/540 que deber\u00e1 ser destinado a la ampliaci\u00f3n de la sede social e instalaciones deportivas. El club del barrio de Villa Crespo podr\u00e1 construir un Miniestadio.Recibi\u00f3 la aprobaci\u00f3n inicial una ley que otorga al Club Atl\u00e9tico Atlanta una renovaci\u00f3n por 40 a\u00f1os del pr\u00e9stamo que le permite disponer del predio de la calle Humboldt 486\/540 y que habilita a la entidad deportiva a construir un Miniestadio cultural y deportivo.<br \/>\nLa norma aprobada este jueves con 43 votos positivos y 11 negativos (interbloque Evoluci\u00f3n y FIT), plantea una modificaci\u00f3n al contrato de comodato celebrado entre el club y el Gobierno de la Ciudad. Permite extender el plazo inicial del pr\u00e9stamo -que expirar\u00eda en el a\u00f1o 2032- para que su vencimiento sea en el a\u00f1o 2057. La principal raz\u00f3n de esta prolongaci\u00f3n del t\u00e9rmino contractual es la necesidad de contar con un plazo mayor para completar la construcci\u00f3n de un estadio cubierto y la ampliaci\u00f3n de la sede social.<br \/>\nEl club deber\u00e1 preservar una superficie para la construcci\u00f3n de una escuela de gesti\u00f3n estatal, que tenga una dimensi\u00f3n de 2500 metros cuadrados, y que estar\u00e1 a cargo del Ministerio de Educaci\u00f3n. Tambi\u00e9n se destinar\u00e1 un 10 por ciento del predio a espacio verde.Como contraprestaci\u00f3n, Atlanta ceder\u00e1 sus instalaciones a escuelas de educaci\u00f3n de gesti\u00f3n p\u00fablica de nivel primario y\/o secundario del Distrito Escolar correspondiente, para la realizaci\u00f3n de las clases de educaci\u00f3n f\u00edsica.Por otra parte, el contrato deja constancia de que la fracci\u00f3n cedida afecta la apertura de la calle Camargo, por lo que el GCBA podr\u00e1 disponer del predio cuando lo requiera si considera necesario realizar la apertura mencionada.<br \/>\nEl diputado Francisco Quintana (PRO), como miembro informante y autor del proyecto, resalt\u00f3 la tarea que realiza Atlanta para sus socios y los vecinos del barrio. &quot;Este comodato va a permitir la ampliaci\u00f3n de la sede social y la construcci\u00f3n de un Miniestadio cultural y deportivo. La instituci\u00f3n aument\u00f3 considerablemente el n\u00fameros de socios que practican diversas disciplinas deportivas y en el predio hoy funciona un centro cultural y un bachillerato para adultos. Atlanta es un club inclusivo y de alta raigambre social y comunitaria&quot;. Tambi\u00e9n se manifestaron los legisladores Mar\u00eda In\u00e9s Gorbea, Francisco Nosiglia (Suma+), Roy Cortina (PS) y Alejandro Garc\u00eda (PRO).<\/p>\n","protected":false},"excerpt":{"rendered":"<p>\u00a0 Se trata del predio ubicado en la calle Humboldt 486\/540 que deber\u00e1 ser destinado a la ampliaci\u00f3n de la sede social e instalaciones deportivas. El club del barrio de Villa Crespo podr\u00e1 construir un Miniestadio.Recibi\u00f3 la aprobaci\u00f3n inicial una ley que otorga al Club Atl\u00e9tico Atlanta una renovaci\u00f3n por 40 a\u00f1os del pr\u00e9stamo que [&hellip;]<\/p>\n","protected":false},"author":1,"featured_media":7484,"comment_status":"open","ping_status":"open","sticky":false,"template":"","format":"standard","meta":{"_et_pb_use_builder":"","_et_pb_old_content":"","_et_gb_content_width":"","footnotes":""},"categories":[47,14],"tags":[],"class_list":["post-7483","post","type-post","status-publish","format-standard","has-post-thumbnail","hentry","category-1o-division-b-nacional","category-deportes"],"_links":{"self":[{"href":"https:\/\/vocesdebaires.com.ar\/index.php\/wp-json\/wp\/v2\/posts\/7483"}],"collection":[{"href":"https:\/\/vocesdebaires.com.ar\/index.php\/wp-json\/wp\/v2\/posts"}],"about":[{"href":"https:\/\/vocesdebaires.com.ar\/index.php\/wp-json\/wp\/v2\/types\/post"}],"author":[{"embeddable":true,"href":"https:\/\/vocesdebaires.com.ar\/index.php\/wp-json\/wp\/v2\/users\/1"}],"replies":[{"embeddable":true,"href":"https:\/\/vocesdebaires.com.ar\/index.php\/wp-json\/wp\/v2\/comments?post=7483"}],"version-history":[{"count":0,"href":"https:\/\/vocesdebaires.com.ar\/index.php\/wp-json\/wp\/v2\/posts\/7483\/revisions"}],"wp:featuredmedia":[{"embeddable":true,"href":"https:\/\/vocesdebaires.com.ar\/index.php\/wp-json\/wp\/v2\/media\/7484"}],"wp:attachment":[{"href":"https:\/\/vocesdebaires.com.ar\/index.php\/wp-json\/wp\/v2\/media?parent=7483"}],"wp:term":[{"taxonomy":"category","embeddable":true,"href":"https:\/\/vocesdebaires.com.ar\/index.php\/wp-json\/wp\/v2\/categories?post=7483"},{"taxonomy":"post_tag","embeddable":true,"href":"https:\/\/vocesdebaires.com.ar\/index.php\/wp-json\/wp\/v2\/tags?post=7483"}],"curies":[{"name":"wp","href":"https:\/\/api.w.org\/{rel}","templated":true}]}}