{"id":7489,"date":"2017-07-14T03:00:00","date_gmt":"2017-07-14T06:00:00","guid":{"rendered":"http:\/\/vocesdebaires.com.ar\/wordpress\/index.php\/2017\/07\/14\/carrio-larreta-y-stanley-recorrieron-barrio-20\/"},"modified":"2017-07-14T03:00:00","modified_gmt":"2017-07-14T06:00:00","slug":"carrio-larreta-y-stanley-recorrieron-barrio-20","status":"publish","type":"post","link":"https:\/\/vocesdebaires.com.ar\/index.php\/2017\/07\/14\/carrio-larreta-y-stanley-recorrieron-barrio-20\/","title":{"rendered":"Carri\u00f3, Larreta y Stanley recorrieron Barrio 20"},"content":{"rendered":"<p>\u00a0<br \/>\nLa primera candidata a diputada nacional por la Ciudad de Buenos Aires del frente Vamos Juntos\u200b, Elisa &quot;Lilita&quot; Carri\u00f3; el jefe de Gobierno porte\u00f1o, Horacio Rodr\u00edguez Larreta, y la ministra de Desarrollo Social de la Naci\u00f3n, Carolina Stanley, recorrieron\u00a0 ayer el Barrio 20 en Villa Lugano, donde se llevan a cabo las obras de integraci\u00f3n social y urbana. Dialogaron con los vecinos y recibieron inquietudes e ideas para continuar mejorando el lugar en el que viven. Estuvieron acompa\u00f1ados por el vicejefe de Gobierno porte\u00f1o, Diego Santilli; el candidato a diputado nacional, Juan L\u00f3pez; el candidato a legislador porte\u00f1o, Hern\u00e1n Reyes; y el presidente del Instituto de Vivienda de la Ciudad (IVC), Juan Maquieyra.<\/p>\n","protected":false},"excerpt":{"rendered":"<p>\u00a0 La primera candidata a diputada nacional por la Ciudad de Buenos Aires del frente Vamos Juntos\u200b, Elisa &quot;Lilita&quot; Carri\u00f3; el jefe de Gobierno porte\u00f1o, Horacio Rodr\u00edguez Larreta, y la ministra de Desarrollo Social de la Naci\u00f3n, Carolina Stanley, recorrieron\u00a0 ayer el Barrio 20 en Villa Lugano, donde se llevan a cabo las obras de [&hellip;]<\/p>\n","protected":false},"author":1,"featured_media":7490,"comment_status":"open","ping_status":"open","sticky":false,"template":"","format":"standard","meta":{"_et_pb_use_builder":"","_et_pb_old_content":"","_et_gb_content_width":"","footnotes":""},"categories":[11,32],"tags":[],"class_list":["post-7489","post","type-post","status-publish","format-standard","has-post-thumbnail","hentry","category-ciudad","category-comunas"],"_links":{"self":[{"href":"https:\/\/vocesdebaires.com.ar\/index.php\/wp-json\/wp\/v2\/posts\/7489"}],"collection":[{"href":"https:\/\/vocesdebaires.com.ar\/index.php\/wp-json\/wp\/v2\/posts"}],"about":[{"href":"https:\/\/vocesdebaires.com.ar\/index.php\/wp-json\/wp\/v2\/types\/post"}],"author":[{"embeddable":true,"href":"https:\/\/vocesdebaires.com.ar\/index.php\/wp-json\/wp\/v2\/users\/1"}],"replies":[{"embeddable":true,"href":"https:\/\/vocesdebaires.com.ar\/index.php\/wp-json\/wp\/v2\/comments?post=7489"}],"version-history":[{"count":0,"href":"https:\/\/vocesdebaires.com.ar\/index.php\/wp-json\/wp\/v2\/posts\/7489\/revisions"}],"wp:featuredmedia":[{"embeddable":true,"href":"https:\/\/vocesdebaires.com.ar\/index.php\/wp-json\/wp\/v2\/media\/7490"}],"wp:attachment":[{"href":"https:\/\/vocesdebaires.com.ar\/index.php\/wp-json\/wp\/v2\/media?parent=7489"}],"wp:term":[{"taxonomy":"category","embeddable":true,"href":"https:\/\/vocesdebaires.com.ar\/index.php\/wp-json\/wp\/v2\/categories?post=7489"},{"taxonomy":"post_tag","embeddable":true,"href":"https:\/\/vocesdebaires.com.ar\/index.php\/wp-json\/wp\/v2\/tags?post=7489"}],"curies":[{"name":"wp","href":"https:\/\/api.w.org\/{rel}","templated":true}]}}