{"id":7501,"date":"2017-07-13T03:00:00","date_gmt":"2017-07-13T06:00:00","guid":{"rendered":"http:\/\/vocesdebaires.com.ar\/wordpress\/index.php\/2017\/07\/13\/ciudad-jornada-sobre-politicas-publicas\/"},"modified":"2017-07-13T03:00:00","modified_gmt":"2017-07-13T06:00:00","slug":"ciudad-jornada-sobre-politicas-publicas","status":"publish","type":"post","link":"https:\/\/vocesdebaires.com.ar\/index.php\/2017\/07\/13\/ciudad-jornada-sobre-politicas-publicas\/","title":{"rendered":"Ciudad: Jornada sobre Pol\u00edticas P\u00fablicas"},"content":{"rendered":"<p>\u00a0<br \/>\nEl d\u00eda viernes 14 de julio del corriente a\u00f1o de 18:00 a 21:00 en el Sal\u00f3n Presidente Per\u00f3n de la Legislatura, se llevar\u00e1 a cabo la Jornada sobre Pol\u00edticas P\u00fablicas. La CUMBRE MUNDIAL DE POL\u00cdTICAS P\u00daBLICAS es un espacio de encuentro entre gobiernos, sector privado y las organizaciones de la sociedad civil.<br \/>\nEn ella se promueven el debate libre de ideas, la innovaci\u00f3n y la creatividad, con el fin de avanzar en el desarrollo de nuevos modelos de pol\u00edticas p\u00fablicas, basados en el compromiso de las partes, la tolerancia a las diferencias y la construcci\u00f3n a partir de las coincidencias.<br \/>\nLa importancia de la Cumbre Mundial de Pol\u00edticas P\u00fablicas radica en la posibilidad de poder generar un espacio de discusi\u00f3n y an\u00e1lisis, en el marco de la tolerancia y el respeto, donde haya lugar para las diferentes ideolog\u00edas pol\u00edticas y la b\u00fasqueda de bienestar sea para todos los ciudadanos, desde aquellos que gozan de una mejor posici\u00f3n hasta los m\u00e1s necesitados y vulnerables.<br \/>\nM\u00e1s info: <a href=\"http:\/\/www.cumbrepoliticaspublicas.org&quot;&gt;www.cumbrepoliticaspublicas.org<\/a><\/p>\n","protected":false},"excerpt":{"rendered":"<p>\u00a0 El d\u00eda viernes 14 de julio del corriente a\u00f1o de 18:00 a 21:00 en el Sal\u00f3n Presidente Per\u00f3n de la Legislatura, se llevar\u00e1 a cabo la Jornada sobre Pol\u00edticas P\u00fablicas. La CUMBRE MUNDIAL DE POL\u00cdTICAS P\u00daBLICAS es un espacio de encuentro entre gobiernos, sector privado y las organizaciones de la sociedad civil. En ella [&hellip;]<\/p>\n","protected":false},"author":1,"featured_media":7502,"comment_status":"open","ping_status":"open","sticky":false,"template":"","format":"standard","meta":{"_et_pb_use_builder":"","_et_pb_old_content":"","_et_gb_content_width":"","footnotes":""},"categories":[11,33],"tags":[],"class_list":["post-7501","post","type-post","status-publish","format-standard","has-post-thumbnail","hentry","category-ciudad","category-sociedad-y-cultura-2"],"_links":{"self":[{"href":"https:\/\/vocesdebaires.com.ar\/index.php\/wp-json\/wp\/v2\/posts\/7501"}],"collection":[{"href":"https:\/\/vocesdebaires.com.ar\/index.php\/wp-json\/wp\/v2\/posts"}],"about":[{"href":"https:\/\/vocesdebaires.com.ar\/index.php\/wp-json\/wp\/v2\/types\/post"}],"author":[{"embeddable":true,"href":"https:\/\/vocesdebaires.com.ar\/index.php\/wp-json\/wp\/v2\/users\/1"}],"replies":[{"embeddable":true,"href":"https:\/\/vocesdebaires.com.ar\/index.php\/wp-json\/wp\/v2\/comments?post=7501"}],"version-history":[{"count":0,"href":"https:\/\/vocesdebaires.com.ar\/index.php\/wp-json\/wp\/v2\/posts\/7501\/revisions"}],"wp:featuredmedia":[{"embeddable":true,"href":"https:\/\/vocesdebaires.com.ar\/index.php\/wp-json\/wp\/v2\/media\/7502"}],"wp:attachment":[{"href":"https:\/\/vocesdebaires.com.ar\/index.php\/wp-json\/wp\/v2\/media?parent=7501"}],"wp:term":[{"taxonomy":"category","embeddable":true,"href":"https:\/\/vocesdebaires.com.ar\/index.php\/wp-json\/wp\/v2\/categories?post=7501"},{"taxonomy":"post_tag","embeddable":true,"href":"https:\/\/vocesdebaires.com.ar\/index.php\/wp-json\/wp\/v2\/tags?post=7501"}],"curies":[{"name":"wp","href":"https:\/\/api.w.org\/{rel}","templated":true}]}}