{"id":7517,"date":"2017-07-12T03:00:00","date_gmt":"2017-07-12T06:00:00","guid":{"rendered":"http:\/\/vocesdebaires.com.ar\/wordpress\/index.php\/2017\/07\/12\/almagro-carrio-y-larreta-visitaron-a-familia\/"},"modified":"2017-07-12T03:00:00","modified_gmt":"2017-07-12T06:00:00","slug":"almagro-carrio-y-larreta-visitaron-a-familia","status":"publish","type":"post","link":"https:\/\/vocesdebaires.com.ar\/index.php\/2017\/07\/12\/almagro-carrio-y-larreta-visitaron-a-familia\/","title":{"rendered":"Almagro: Carri\u00f3 y Larreta visitaron a familia"},"content":{"rendered":"<p>\u00a0<br \/>\nLa primera candidata a diputada nacional por la Ciudad de Buenos Aires del frente Vamos Juntos\u200b, Elisa &quot;Lilita&quot; Carri\u00f3, y el jefe de Gobierno porte\u00f1o, Horacio Rodr\u00edguez Larreta, visitaron este martes al mediod\u00eda a una familia de Almagro. Durante el encuentro charlaron sobre distintos temas relacionados con la realidad del barrio y escucharon e intercambiaron propuestas e ideas de cara al futuro. Estuvieron acompa\u00f1ados por el vicejefe de Gobierno porte\u00f1o, Diego Santilli.<\/p>\n","protected":false},"excerpt":{"rendered":"<p>\u00a0 La primera candidata a diputada nacional por la Ciudad de Buenos Aires del frente Vamos Juntos\u200b, Elisa &quot;Lilita&quot; Carri\u00f3, y el jefe de Gobierno porte\u00f1o, Horacio Rodr\u00edguez Larreta, visitaron este martes al mediod\u00eda a una familia de Almagro. Durante el encuentro charlaron sobre distintos temas relacionados con la realidad del barrio y escucharon e [&hellip;]<\/p>\n","protected":false},"author":1,"featured_media":7518,"comment_status":"open","ping_status":"open","sticky":false,"template":"","format":"standard","meta":{"_et_pb_use_builder":"","_et_pb_old_content":"","_et_gb_content_width":"","footnotes":""},"categories":[11,32],"tags":[],"class_list":["post-7517","post","type-post","status-publish","format-standard","has-post-thumbnail","hentry","category-ciudad","category-comunas"],"_links":{"self":[{"href":"https:\/\/vocesdebaires.com.ar\/index.php\/wp-json\/wp\/v2\/posts\/7517"}],"collection":[{"href":"https:\/\/vocesdebaires.com.ar\/index.php\/wp-json\/wp\/v2\/posts"}],"about":[{"href":"https:\/\/vocesdebaires.com.ar\/index.php\/wp-json\/wp\/v2\/types\/post"}],"author":[{"embeddable":true,"href":"https:\/\/vocesdebaires.com.ar\/index.php\/wp-json\/wp\/v2\/users\/1"}],"replies":[{"embeddable":true,"href":"https:\/\/vocesdebaires.com.ar\/index.php\/wp-json\/wp\/v2\/comments?post=7517"}],"version-history":[{"count":0,"href":"https:\/\/vocesdebaires.com.ar\/index.php\/wp-json\/wp\/v2\/posts\/7517\/revisions"}],"wp:featuredmedia":[{"embeddable":true,"href":"https:\/\/vocesdebaires.com.ar\/index.php\/wp-json\/wp\/v2\/media\/7518"}],"wp:attachment":[{"href":"https:\/\/vocesdebaires.com.ar\/index.php\/wp-json\/wp\/v2\/media?parent=7517"}],"wp:term":[{"taxonomy":"category","embeddable":true,"href":"https:\/\/vocesdebaires.com.ar\/index.php\/wp-json\/wp\/v2\/categories?post=7517"},{"taxonomy":"post_tag","embeddable":true,"href":"https:\/\/vocesdebaires.com.ar\/index.php\/wp-json\/wp\/v2\/tags?post=7517"}],"curies":[{"name":"wp","href":"https:\/\/api.w.org\/{rel}","templated":true}]}}