{"id":756,"date":"2020-01-29T03:41:31","date_gmt":"2020-01-29T06:41:31","guid":{"rendered":"http:\/\/vocesdebaires.com.ar\/wordpress\/index.php\/2020\/01\/29\/operativo-incautaron-mil-kilos-de-marihuana\/"},"modified":"2020-01-29T03:41:31","modified_gmt":"2020-01-29T06:41:31","slug":"operativo-incautaron-mil-kilos-de-marihuana","status":"publish","type":"post","link":"https:\/\/vocesdebaires.com.ar\/index.php\/2020\/01\/29\/operativo-incautaron-mil-kilos-de-marihuana\/","title":{"rendered":"Operativo: Incautaron mil kilos de marihuana"},"content":{"rendered":"<p>El encuentro se llev\u00f3 a cabo en la dependencia de la Comisar\u00eda Vecinal 4D y estuvieron, adem\u00e1s, el secretario de Articulaci\u00f3n Federal de la Seguridad del Ministerio de Seguridad de la Naci\u00f3n, Gabriel Fuks, el jefe de la Polic\u00eda de la Ciudad, Gabriel Berard, y el jefe de la Brigada de Investigaciones de la Comuna 4, comisario Jos\u00e9 Salles Paz. \u00abEsta es droga que se saca de la calle y no llega a los j\u00f3venes. As\u00ed que seguimos en una lucha inclaudicable contra el narcotr\u00e1fico. Esta droga se comercializaba en la Villa 21-24, donde tiene presencia las fuerzas federales que han realizado tarea de inteligencia y han colaborado para llegar a esta incautaci\u00f3n en una investigaci\u00f3n que viene del a\u00f1o pasado y lleva m\u00e1s de 10 mil kilos secuestrados\u201d, sostuvo D\u2019Alessandro.<\/p>\n<p>El funcionario porte\u00f1o resalt\u00f3 la colaboraci\u00f3n de las prestaron las fuerzas federales y la Aduana y destac\u00f3 tambi\u00e9n la cooperaci\u00f3n de la Polic\u00eda de Entre R\u00edos para la detenci\u00f3n del cami\u00f3n con el cargamento de 1.047 kilos de marihuana en la ciudad de Victoria. \u201cLa \u00fanica forma de combatir el narcotr\u00e1fico es trabajar en forma coordinada con todas las \u00e1reas involucradas\u201d, dijo. Villalba, por su parte, destac\u00f3 la importancia de las \u201ccolaboraciones con el Gobierno de la Ciudad de Buenos Aires, llevando adelante los procedimientos y trabajos mancomunados\u201d.<\/p>\n<p>Traverso, en tanto, explic\u00f3 que \u201cla tarea de la Aduana fue colaborar a requerimiento de quienes llevaron adelante el procedimiento, con scanner y perros que detectan droga. Fue una tarea conjunta, en equipo, para dar estos resultados\u201d. Fuks, a su vez, afirm\u00f3 que \u201cla cooperaci\u00f3n es fundamental y hay voluntad de la ministra de Seguridad Sabina Frederic de mantener la colaboraci\u00f3n en todos los niveles con las fuerzas locales, en especial con la ciudad Aut\u00f3noma de Buenos Aires, con la que hay una cantidad de ideas para seguir trabajando\u201d.<\/p>\n<p>En el operativo de Entre R\u00edos, presentado ayer , se llev\u00f3 a cabo el fin de semana con la incautaci\u00f3n de los 1.047 kilogramos, distribuidos en 1.620 panes, que era transportada por un cami\u00f3n con dominio brasile\u00f1o hasta Rosario para su posterior derivaci\u00f3n. Tras realizar los an\u00e1lisis de la droga que estaba dentro del cami\u00f3n, que ingres\u00f3 al pa\u00eds desde Misiones, se procedi\u00f3 al secuestro del rodado y a la detenci\u00f3n del chofer, de nacionalidad brasile\u00f1a, en el marco de la causa 5258\/19 en tr\u00e1mite por el Juzgado Federal 4 a cargo del Dr. Lijo y ante la secretar\u00eda del Dr. Arce.<\/p>\n<p>La causa, que est\u00e1 a cargo del juez federal Ariel Lijo, se inici\u00f3 con una investigaci\u00f3n de la Divisi\u00f3n Sumarios y Brigadas de Prevenci\u00f3n de la Comisar\u00eda Comunal n\u00famero 4 de la Polic\u00eda de la Ciudad a principios\u00a0 del a\u00f1o pasado y deriv\u00f3 en la principal incautaci\u00f3n, en junio \u00faltimo, de 5 toneladas de marihuana en la ciudad correntina de Paso de los Libres, en un cami\u00f3n con la carga simulada entre papeles y cartones. De all\u00ed que a este caso le llaman Papeles Verdes. Lo que devel\u00f3 la investigaci\u00f3n que inici\u00f3 la Polic\u00eda de la Ciudad fue un sistema de ingreso de la droga al pa\u00eds, c\u00f3mo se camuflaba, se ocultaba\u00a0 y luego llegaba a las grandes ciudades para su distribuci\u00f3n.<\/p>\n<p>En uno de los operativos derivados de esa causa, en agosto pasado, se decomis\u00f3 un cargamento en la localidad bonaerense de San Miguel del Monte con unos dos mil kilos de marihuana. All\u00ed, la droga estaba fraccionada en panes escondidos en dos camionetas 4&#215;4 a punto de ser depositada en un gallinero y listas para su distribuci\u00f3n. Los estupefacientes se guardaban en criaderos de pollos en la provincia de Buenos Aires y desde all\u00ed sal\u00eda a los distintos bunkers del Conurbano y la Ciudad de Buenos Aires.<\/p>\n","protected":false},"excerpt":{"rendered":"<p>El encuentro se llev\u00f3 a cabo en la dependencia de la Comisar\u00eda Vecinal 4D y estuvieron, adem\u00e1s, el secretario de Articulaci\u00f3n Federal de la Seguridad del Ministerio de Seguridad de la Naci\u00f3n, Gabriel Fuks, el jefe de la Polic\u00eda de la Ciudad, Gabriel Berard, y el jefe de la Brigada de Investigaciones de la Comuna [&hellip;]<\/p>\n","protected":false},"author":1,"featured_media":757,"comment_status":"open","ping_status":"open","sticky":false,"template":"","format":"standard","meta":{"_et_pb_use_builder":"","_et_pb_old_content":"","_et_gb_content_width":"","footnotes":""},"categories":[34,13],"tags":[],"class_list":["post-756","post","type-post","status-publish","format-standard","has-post-thumbnail","hentry","category-politica","category-provincia"],"_links":{"self":[{"href":"https:\/\/vocesdebaires.com.ar\/index.php\/wp-json\/wp\/v2\/posts\/756"}],"collection":[{"href":"https:\/\/vocesdebaires.com.ar\/index.php\/wp-json\/wp\/v2\/posts"}],"about":[{"href":"https:\/\/vocesdebaires.com.ar\/index.php\/wp-json\/wp\/v2\/types\/post"}],"author":[{"embeddable":true,"href":"https:\/\/vocesdebaires.com.ar\/index.php\/wp-json\/wp\/v2\/users\/1"}],"replies":[{"embeddable":true,"href":"https:\/\/vocesdebaires.com.ar\/index.php\/wp-json\/wp\/v2\/comments?post=756"}],"version-history":[{"count":0,"href":"https:\/\/vocesdebaires.com.ar\/index.php\/wp-json\/wp\/v2\/posts\/756\/revisions"}],"wp:featuredmedia":[{"embeddable":true,"href":"https:\/\/vocesdebaires.com.ar\/index.php\/wp-json\/wp\/v2\/media\/757"}],"wp:attachment":[{"href":"https:\/\/vocesdebaires.com.ar\/index.php\/wp-json\/wp\/v2\/media?parent=756"}],"wp:term":[{"taxonomy":"category","embeddable":true,"href":"https:\/\/vocesdebaires.com.ar\/index.php\/wp-json\/wp\/v2\/categories?post=756"},{"taxonomy":"post_tag","embeddable":true,"href":"https:\/\/vocesdebaires.com.ar\/index.php\/wp-json\/wp\/v2\/tags?post=756"}],"curies":[{"name":"wp","href":"https:\/\/api.w.org\/{rel}","templated":true}]}}