{"id":7561,"date":"2017-07-10T03:00:00","date_gmt":"2017-07-10T06:00:00","guid":{"rendered":"http:\/\/vocesdebaires.com.ar\/wordpress\/index.php\/2017\/07\/10\/escuela-judia-y-un-gran-proyecto-solidario\/"},"modified":"2017-07-10T03:00:00","modified_gmt":"2017-07-10T06:00:00","slug":"escuela-judia-y-un-gran-proyecto-solidario","status":"publish","type":"post","link":"https:\/\/vocesdebaires.com.ar\/index.php\/2017\/07\/10\/escuela-judia-y-un-gran-proyecto-solidario\/","title":{"rendered":"Escuela Jud\u00eda:  Y un gran proyecto solidario"},"content":{"rendered":"<p>\u00a0<br \/>\nEsto nos dec\u00eda muy entusiasmada\u00a0 la Sra. directora Jany , \u201cNosotros pensamos en un proyecto\u00a0 solidario, ya que\u00a0, para que\u00a0 el shule est\u00e9 en funcionamiento\u00a0 a\u00a0 pleno ya \u00a0que\u00a0 siempre hay gente que se acerca y nos ayuda\u00a0 constantemente\u00a0 y colaboran much\u00edsimos, de alguna manera\u00a0 nosotros pensamos que\u00a0 los chicos\u00a0 tambi\u00e9n tiene que sentir que es\u00a0 eso de dar a otros y cada uno puede dar lo mejor que tiene ,de ah\u00ed nace\u00a0 esta ayuda solidaria ( de juntar ropas, alimentos\u00a0 , juguetes ,muebles y todo lo que le sea de utilidad al pr\u00f3jimo)\u2026 de esta manera es una forma de retribuir\u00a0 todo lo que ellos tambi\u00e9n reciben\u201d .<br \/>\nAs\u00ed\u00a0 naci\u00f3 la idea de donar todo lo que juntamos a los Piletones\u00a0 fundaci\u00f3n Margarita Barrientos,\u00a0 estamos muy felices porque ella acept\u00f3\u00a0 venir y\u00a0 de hecho recibi\u00f3 con mucho cari\u00f1o toda la donaci\u00f3n y escuch\u00f3 a cada uno de los\u00a0 alumnos, cuando ellos mismo decidieron hacerle algunas preguntas, sobre c\u00f3mo es y por qu\u00e9 se llama Los Piletones , si tiene muchos hijos y si recibe\u00a0 plata de del gobiernos y a cuantos les da de comer por d\u00eda, todo esto y otras pregunta fueron cada una contestada con mucha paciencia y calidez\u00a0 por Margarita Barrientos , casi dos hora estuvo en el establecimiento\u00a0 con los chicos.<br \/>\nUn\u00a0 d\u00eda muy importante tanto para los chicos como para\u00a0 su directora Jany\u00a0 Ludman, maestras \/ os y\u00a0 colaboradoras \/ es. La escuela\u00a0 se llama Ilan School ubicada en la zona oeste exactamente en Ramos Mej\u00eda que funciona desde las 8:15 hs hasta 16:15 hs, es la primera y \u00fanica escuela con educaci\u00f3n Montessori en Argentina.\u00a0 Hace seis a\u00f1os que el\u00a0 shule existe, antes funcionaba en Mor\u00f3n. En\u00a0 marzo de este a\u00f1os (2017) se logr\u00f3 que el establecimiento se mude a Ramos al edificio de Betam del Oeste. Cuenta con 75 alumnos entre jard\u00edn y primario, una escuela peque\u00f1a pero con muchas ganas de crecer. Se ha hecho una obra muy importante para que este colegio jud\u00edo \u00fanico en el oeste est\u00e9 en funcionamiento.\u00a0 As\u00ed nacen los sue\u00f1os y los proyectos solidario pensando en el otro siempre.<br \/>\n\u00a0<br \/>\n\u00a0<br \/>\n&lt;img src=&quot;images\/stories\/2015\/barrientosschool.jpg&quot; border=&quot;0&quot; align=&quot;right&quot; \/&gt;<\/p>\n","protected":false},"excerpt":{"rendered":"<p>\u00a0 Esto nos dec\u00eda muy entusiasmada\u00a0 la Sra. directora Jany , \u201cNosotros pensamos en un proyecto\u00a0 solidario, ya que\u00a0, para que\u00a0 el shule est\u00e9 en funcionamiento\u00a0 a\u00a0 pleno ya \u00a0que\u00a0 siempre hay gente que se acerca y nos ayuda\u00a0 constantemente\u00a0 y colaboran much\u00edsimos, de alguna manera\u00a0 nosotros pensamos que\u00a0 los chicos\u00a0 tambi\u00e9n tiene que sentir [&hellip;]<\/p>\n","protected":false},"author":1,"featured_media":7562,"comment_status":"open","ping_status":"open","sticky":false,"template":"","format":"standard","meta":{"_et_pb_use_builder":"","_et_pb_old_content":"","_et_gb_content_width":"","footnotes":""},"categories":[34,13],"tags":[],"class_list":["post-7561","post","type-post","status-publish","format-standard","has-post-thumbnail","hentry","category-politica","category-provincia"],"_links":{"self":[{"href":"https:\/\/vocesdebaires.com.ar\/index.php\/wp-json\/wp\/v2\/posts\/7561"}],"collection":[{"href":"https:\/\/vocesdebaires.com.ar\/index.php\/wp-json\/wp\/v2\/posts"}],"about":[{"href":"https:\/\/vocesdebaires.com.ar\/index.php\/wp-json\/wp\/v2\/types\/post"}],"author":[{"embeddable":true,"href":"https:\/\/vocesdebaires.com.ar\/index.php\/wp-json\/wp\/v2\/users\/1"}],"replies":[{"embeddable":true,"href":"https:\/\/vocesdebaires.com.ar\/index.php\/wp-json\/wp\/v2\/comments?post=7561"}],"version-history":[{"count":0,"href":"https:\/\/vocesdebaires.com.ar\/index.php\/wp-json\/wp\/v2\/posts\/7561\/revisions"}],"wp:featuredmedia":[{"embeddable":true,"href":"https:\/\/vocesdebaires.com.ar\/index.php\/wp-json\/wp\/v2\/media\/7562"}],"wp:attachment":[{"href":"https:\/\/vocesdebaires.com.ar\/index.php\/wp-json\/wp\/v2\/media?parent=7561"}],"wp:term":[{"taxonomy":"category","embeddable":true,"href":"https:\/\/vocesdebaires.com.ar\/index.php\/wp-json\/wp\/v2\/categories?post=7561"},{"taxonomy":"post_tag","embeddable":true,"href":"https:\/\/vocesdebaires.com.ar\/index.php\/wp-json\/wp\/v2\/tags?post=7561"}],"curies":[{"name":"wp","href":"https:\/\/api.w.org\/{rel}","templated":true}]}}