{"id":7588,"date":"2017-07-06T03:00:00","date_gmt":"2017-07-06T06:00:00","guid":{"rendered":"http:\/\/vocesdebaires.com.ar\/wordpress\/index.php\/2017\/07\/06\/sanciones-quienes-agredan-a-medicos-y-docentes\/"},"modified":"2017-07-06T03:00:00","modified_gmt":"2017-07-06T06:00:00","slug":"sanciones-quienes-agredan-a-medicos-y-docentes","status":"publish","type":"post","link":"https:\/\/vocesdebaires.com.ar\/index.php\/2017\/07\/06\/sanciones-quienes-agredan-a-medicos-y-docentes\/","title":{"rendered":"Sanciones quienes agredan a m\u00e9dicos y docentes"},"content":{"rendered":"<p>\u00a0<br \/>\nSe realiz\u00f3 ayer en la Legislatura porte\u00f1a una reuni\u00f3n de la Comisi\u00f3n de Asuntos Constitucionales que preside el diputado Clodomiro Risau (PRO), donde se analiz\u00f3 una iniciativa que propone duplicar las sanciones para quienes agredan a trabajadores de la salud y la educaci\u00f3n. La propuesta recibi\u00f3 el acompa\u00f1amiento de los diputados participantes con un despacho \u00fanico y est\u00e1 en condiciones de ser tratada en el Recinto para su aprobaci\u00f3n.<br \/>\nEl proyecto impulsado por el PRO plantea incorporar en el art\u00edculo 53 de la Ley 1.472 &#8211; C\u00f3digo Contravencional de la Ciudad Aut\u00f3noma de Buenos Aires, el siguiente agravante: &quot;Cuando la v\u00edctima es trabajador de la educaci\u00f3n, sea docente o no, o trabajador de la salud, sea profesional o no, y el hecho tiene lugar dentro del establecimiento donde se desempe\u00f1a, o fuera de \u00e9l siempre que la conducta est\u00e9 motivada en raz\u00f3n de su tarea, funci\u00f3n o cargo&quot;.<br \/>\nExplican los fundamentos de la iniciativa que fue motivada por &quot;el notable incremento de agresiones y hechos de violencia protagonizados por padres o personas relacionadas con los alumnos, en perjuicio de trabajadores docentes y no docentes, por cuestiones derivadas de la funci\u00f3n docente o de la convivencia en el \u00e1mbito escolar, afectando seriamente la seguridad personal de los trabajadores y perturbando la misi\u00f3n educativa y formativa que debe cumplirse en ese \u00e1mbito&quot;.<br \/>\nSimilar situaci\u00f3n se viene reproduciendo en el \u00e1rea de salud, donde los profesionales, auxiliares y personal que cumple all\u00ed toda clase de tareas, sufren agresiones por parte de pacientes o personas que los acompa\u00f1an. &quot;\u00c9sto genera un clima de temor e intranquilidad que perturba el normal desenvolvimiento de los centros de salud&quot;, agregan los fundamentos.<br \/>\nLa Ley 1.472 establece en los art\u00edculos 51 y 52 las sanciones para quien pelea o toma parte en una agresi\u00f3n en lugar p\u00fablico o de acceso p\u00fablico, con 1 a 5 d\u00edas de trabajo de utilidad p\u00fablica, multa de $200 a $1.000 pesos o 1 a 5 d\u00edas de arresto. Por hostigar, maltratar o intimidar, siempre que el hecho no constituya delito, corresponde la misma penalidad. De aprobarse este proyecto se duplicar\u00e1n las penas mencionadas para los agresores.<\/p>\n","protected":false},"excerpt":{"rendered":"<p>\u00a0 Se realiz\u00f3 ayer en la Legislatura porte\u00f1a una reuni\u00f3n de la Comisi\u00f3n de Asuntos Constitucionales que preside el diputado Clodomiro Risau (PRO), donde se analiz\u00f3 una iniciativa que propone duplicar las sanciones para quienes agredan a trabajadores de la salud y la educaci\u00f3n. La propuesta recibi\u00f3 el acompa\u00f1amiento de los diputados participantes con un [&hellip;]<\/p>\n","protected":false},"author":1,"featured_media":7589,"comment_status":"open","ping_status":"open","sticky":false,"template":"","format":"standard","meta":{"_et_pb_use_builder":"","_et_pb_old_content":"","_et_gb_content_width":"","footnotes":""},"categories":[11,32],"tags":[],"class_list":["post-7588","post","type-post","status-publish","format-standard","has-post-thumbnail","hentry","category-ciudad","category-comunas"],"_links":{"self":[{"href":"https:\/\/vocesdebaires.com.ar\/index.php\/wp-json\/wp\/v2\/posts\/7588"}],"collection":[{"href":"https:\/\/vocesdebaires.com.ar\/index.php\/wp-json\/wp\/v2\/posts"}],"about":[{"href":"https:\/\/vocesdebaires.com.ar\/index.php\/wp-json\/wp\/v2\/types\/post"}],"author":[{"embeddable":true,"href":"https:\/\/vocesdebaires.com.ar\/index.php\/wp-json\/wp\/v2\/users\/1"}],"replies":[{"embeddable":true,"href":"https:\/\/vocesdebaires.com.ar\/index.php\/wp-json\/wp\/v2\/comments?post=7588"}],"version-history":[{"count":0,"href":"https:\/\/vocesdebaires.com.ar\/index.php\/wp-json\/wp\/v2\/posts\/7588\/revisions"}],"wp:featuredmedia":[{"embeddable":true,"href":"https:\/\/vocesdebaires.com.ar\/index.php\/wp-json\/wp\/v2\/media\/7589"}],"wp:attachment":[{"href":"https:\/\/vocesdebaires.com.ar\/index.php\/wp-json\/wp\/v2\/media?parent=7588"}],"wp:term":[{"taxonomy":"category","embeddable":true,"href":"https:\/\/vocesdebaires.com.ar\/index.php\/wp-json\/wp\/v2\/categories?post=7588"},{"taxonomy":"post_tag","embeddable":true,"href":"https:\/\/vocesdebaires.com.ar\/index.php\/wp-json\/wp\/v2\/tags?post=7588"}],"curies":[{"name":"wp","href":"https:\/\/api.w.org\/{rel}","templated":true}]}}