{"id":760,"date":"2020-01-29T03:25:50","date_gmt":"2020-01-29T06:25:50","guid":{"rendered":"http:\/\/vocesdebaires.com.ar\/wordpress\/index.php\/2020\/01\/29\/gobierno-bonaerense-junto-a-135-municipios\/"},"modified":"2020-01-29T03:25:50","modified_gmt":"2020-01-29T06:25:50","slug":"gobierno-bonaerense-junto-a-135-municipios","status":"publish","type":"post","link":"https:\/\/vocesdebaires.com.ar\/index.php\/2020\/01\/29\/gobierno-bonaerense-junto-a-135-municipios\/","title":{"rendered":"Gobierno bonaerense: \u201cJunto a  135 municipios\u201d"},"content":{"rendered":"<p>En una jornada que incluy\u00f3 recorridas por el Centro de Emergencias local y por la Comisar\u00eda de la Mujer. \u00abHay voluntad del gobierno de la Provincia de trabajar con cada uno de los 135 municipios\u00bb, sostuvo Berni en Quilmes junto a Mayra Mendoza. El ministro de Seguridad de la provincia de Buenos Aires, Dr. Sergio Berni mantuvo esta ma\u00f1ana una reuni\u00f3n de trabajo con la intendenta del partido de Quilmes, Mayra Mendoza, donde analizaron tem\u00e1ticas relacionadas a la seguridad y la prevenci\u00f3n del delito para esa regi\u00f3n del sur del conurbano.<\/p>\n<p>\u00abEsto m\u00e1s que una visita es una reuni\u00f3n de trabajo\u00bb, sostuvo Berni durante la jornada\u00a0 y asegur\u00f3 que \u00abhay voluntad del gobierno de la Provincia de acompa\u00f1ar a los intendentes e intendentas en cada uno de los 135 municipios\u00bb. La cita se desarroll\u00f3 en el Centro de Emergencias Quilmes (CEQ), ubicado en la calle Av. Calchaqu\u00ed N\u00b0 3049, lugar donde se centralizan todos los servicios de seguridad en los que intervienen la Polic\u00eda Local, la Patrulla Urbana, Defensa Civil, SAME, Bomberos, agentes de Tr\u00e1nsito y Ordenamiento urbano, Alumbrado P\u00fablico y Emergencias Sociales.<\/p>\n<p>Luego de la reuni\u00f3n, en la que adem\u00e1s recorrieron las instalaciones del CEQ, el Ministro y la Intendenta visitaron la Comisar\u00eda de la Mujer y Familia local (subcomisaria Don Bosco, situada en la calle Pilcomayo numeral 69), donde conversaron con la Comisario Elizabeth Trucco, a cargo de la dependencia y con familiares de mujeres detenidas en el lugar. Por su parte, la jefa comunal destac\u00f3 el trabajo en conjunto entre Provincia y Municipio y remarc\u00f3 que \u00abla seguridad es con inclusi\u00f3n social\u201d. De las reuniones adem\u00e1s particip\u00f3 el senador provincial Emmanuel Gonz\u00e1lez Santalla, funcionarios del gabinete de seguridad del municipio, autoridades ministeriales y policiales.<\/p>\n","protected":false},"excerpt":{"rendered":"<p>En una jornada que incluy\u00f3 recorridas por el Centro de Emergencias local y por la Comisar\u00eda de la Mujer. \u00abHay voluntad del gobierno de la Provincia de trabajar con cada uno de los 135 municipios\u00bb, sostuvo Berni en Quilmes junto a Mayra Mendoza. El ministro de Seguridad de la provincia de Buenos Aires, Dr. Sergio [&hellip;]<\/p>\n","protected":false},"author":1,"featured_media":761,"comment_status":"open","ping_status":"open","sticky":false,"template":"","format":"standard","meta":{"_et_pb_use_builder":"","_et_pb_old_content":"","_et_gb_content_width":"","footnotes":""},"categories":[34,13],"tags":[],"class_list":["post-760","post","type-post","status-publish","format-standard","has-post-thumbnail","hentry","category-politica","category-provincia"],"_links":{"self":[{"href":"https:\/\/vocesdebaires.com.ar\/index.php\/wp-json\/wp\/v2\/posts\/760"}],"collection":[{"href":"https:\/\/vocesdebaires.com.ar\/index.php\/wp-json\/wp\/v2\/posts"}],"about":[{"href":"https:\/\/vocesdebaires.com.ar\/index.php\/wp-json\/wp\/v2\/types\/post"}],"author":[{"embeddable":true,"href":"https:\/\/vocesdebaires.com.ar\/index.php\/wp-json\/wp\/v2\/users\/1"}],"replies":[{"embeddable":true,"href":"https:\/\/vocesdebaires.com.ar\/index.php\/wp-json\/wp\/v2\/comments?post=760"}],"version-history":[{"count":0,"href":"https:\/\/vocesdebaires.com.ar\/index.php\/wp-json\/wp\/v2\/posts\/760\/revisions"}],"wp:featuredmedia":[{"embeddable":true,"href":"https:\/\/vocesdebaires.com.ar\/index.php\/wp-json\/wp\/v2\/media\/761"}],"wp:attachment":[{"href":"https:\/\/vocesdebaires.com.ar\/index.php\/wp-json\/wp\/v2\/media?parent=760"}],"wp:term":[{"taxonomy":"category","embeddable":true,"href":"https:\/\/vocesdebaires.com.ar\/index.php\/wp-json\/wp\/v2\/categories?post=760"},{"taxonomy":"post_tag","embeddable":true,"href":"https:\/\/vocesdebaires.com.ar\/index.php\/wp-json\/wp\/v2\/tags?post=760"}],"curies":[{"name":"wp","href":"https:\/\/api.w.org\/{rel}","templated":true}]}}