{"id":762,"date":"2020-01-28T03:00:00","date_gmt":"2020-01-28T06:00:00","guid":{"rendered":"http:\/\/vocesdebaires.com.ar\/wordpress\/index.php\/2020\/01\/28\/becas-alimentarias-abrieron-las-inscripciones\/"},"modified":"2020-01-28T03:00:00","modified_gmt":"2020-01-28T06:00:00","slug":"becas-alimentarias-abrieron-las-inscripciones","status":"publish","type":"post","link":"https:\/\/vocesdebaires.com.ar\/index.php\/2020\/01\/28\/becas-alimentarias-abrieron-las-inscripciones\/","title":{"rendered":"Becas Alimentarias: Abrieron las inscripciones"},"content":{"rendered":"<p>Las Becas Alimentarias son otorgadas a aquellos alumnos, que cursan en las escuelas dependientes del Gobierno de la Ciudad de Buenos Aires, siempre que se demuestre que su n\u00facleo familiar tiene ingresos mensuales inferiores a dos veces y media el valor del sueldo m\u00ednimo que establece el convenio para empleados de comercio, es decir que se les podr\u00e1 asignar la beca a los alumnos en cuyos hogares el ingreso sea menor al monto que resulte de multiplicar 2,5 por el sueldo m\u00ednimo establecido por el convenio de los empleados de comercio.<\/p>\n<p>La beca de comedor abarca a los alumnos\/as que asisten a jardines, escuelas primarias, secundarias y de adultos que cuentan con servicio de almuerzo. La solicitud de beca en l\u00ednea de refrigerio contempla a los alumnos\/as de nivel inicial y primario. A partir de este a\u00f1o, pod\u00e9s realizar el tr\u00e1mite de solicitud de beca \u00edntegramente en l\u00ednea completando el formulario y dejando un mail de contacto.  Si necesitas acompa\u00f1amiento para completar el tr\u00e1mite presencial con ayuda de un facilitador en tu Comuna llam\u00e1 al 4340-8088 o ingres\u00e1 a: <a href=\"http:\/\/sistemas1.buenosaires.edu.ar\/wsad\/becas_web.php\/presencial?presencial=ok\">http:\/\/sistemas1.buenosaires.edu.ar\/wsad\/becas_web.php\/presencial?presencial=ok<\/a><\/p>\n<p>Requisitos Becas Alimentarias 2020<br \/>Adicionalmente se debe considerar que por cada ni\u00f1o que pertenezca al n\u00facleo familiar, debe incrementarse 15% al ingreso m\u00ednimo establecido para optar a la beca. De la misma forma, debe tenerse en cuenta que en aquellos casos en los que un miembro a m\u00e1s de la familia requiera alg\u00fan tratamiento m\u00e9dico por enfermedades cr\u00f3nicas, ese monto debe ser deducido del total del ingreso del n\u00facleo familiar. En el mismo orden, si el afectado de salud es el alumno, podr\u00e1 optar al beneficio m\u00e1ximo que se ofrece en la Becas Alimentarias.<\/p>\n","protected":false},"excerpt":{"rendered":"<p>Las Becas Alimentarias son otorgadas a aquellos alumnos, que cursan en las escuelas dependientes del Gobierno de la Ciudad de Buenos Aires, siempre que se demuestre que su n\u00facleo familiar tiene ingresos mensuales inferiores a dos veces y media el valor del sueldo m\u00ednimo que establece el convenio para empleados de comercio, es decir que [&hellip;]<\/p>\n","protected":false},"author":1,"featured_media":763,"comment_status":"open","ping_status":"open","sticky":false,"template":"","format":"standard","meta":{"_et_pb_use_builder":"","_et_pb_old_content":"","_et_gb_content_width":"","footnotes":""},"categories":[11,32],"tags":[],"class_list":["post-762","post","type-post","status-publish","format-standard","has-post-thumbnail","hentry","category-ciudad","category-comunas"],"_links":{"self":[{"href":"https:\/\/vocesdebaires.com.ar\/index.php\/wp-json\/wp\/v2\/posts\/762"}],"collection":[{"href":"https:\/\/vocesdebaires.com.ar\/index.php\/wp-json\/wp\/v2\/posts"}],"about":[{"href":"https:\/\/vocesdebaires.com.ar\/index.php\/wp-json\/wp\/v2\/types\/post"}],"author":[{"embeddable":true,"href":"https:\/\/vocesdebaires.com.ar\/index.php\/wp-json\/wp\/v2\/users\/1"}],"replies":[{"embeddable":true,"href":"https:\/\/vocesdebaires.com.ar\/index.php\/wp-json\/wp\/v2\/comments?post=762"}],"version-history":[{"count":0,"href":"https:\/\/vocesdebaires.com.ar\/index.php\/wp-json\/wp\/v2\/posts\/762\/revisions"}],"wp:featuredmedia":[{"embeddable":true,"href":"https:\/\/vocesdebaires.com.ar\/index.php\/wp-json\/wp\/v2\/media\/763"}],"wp:attachment":[{"href":"https:\/\/vocesdebaires.com.ar\/index.php\/wp-json\/wp\/v2\/media?parent=762"}],"wp:term":[{"taxonomy":"category","embeddable":true,"href":"https:\/\/vocesdebaires.com.ar\/index.php\/wp-json\/wp\/v2\/categories?post=762"},{"taxonomy":"post_tag","embeddable":true,"href":"https:\/\/vocesdebaires.com.ar\/index.php\/wp-json\/wp\/v2\/tags?post=762"}],"curies":[{"name":"wp","href":"https:\/\/api.w.org\/{rel}","templated":true}]}}