{"id":764,"date":"2020-01-28T03:00:00","date_gmt":"2020-01-28T06:00:00","guid":{"rendered":"http:\/\/vocesdebaires.com.ar\/wordpress\/index.php\/2020\/01\/28\/la-ciudad-recibe-el-ano-4718-chino\/"},"modified":"2020-01-28T03:00:00","modified_gmt":"2020-01-28T06:00:00","slug":"la-ciudad-recibe-el-ano-4718-chino","status":"publish","type":"post","link":"https:\/\/vocesdebaires.com.ar\/index.php\/2020\/01\/28\/la-ciudad-recibe-el-ano-4718-chino\/","title":{"rendered":"La Ciudad recibe el a\u00f1o 4718 Chino"},"content":{"rendered":"<p>En la Ciudad se desarrollan \u00a0una serie de actividades que encontrar\u00e1n su gran cierre el domingo 2 de febrero, con el BA Celebra el A\u00f1o Nuevo Chino, que organiza el Gobierno de la Ciudad en Av. Figueroa Alcorta y Sucre de 12 a 20 horas, con gastronom\u00eda, demostraciones de artes marciales, shows, m\u00fasica en vivo y la infaltable danza de dragones y leones.\u201cEl a\u00f1o nuevo chino se convirti\u00f3 en un cl\u00e1sico de esa diversidad cultural que hace tan particular a Buenos Aires\u201d expres\u00f3 Pamela Malewicz, Subsecretaria de Derechos Humanos y Pluralismo Cultural de la Ciudad y sostuvo que \u201ces muy importante que las colectividades puedan compartir sus creencias y tradiciones con todos los vecinos y vecinas\u201d. \u00a0Por 7\u00b0 a\u00f1o consecutivo la colectividad china desplegar\u00e1 su propuesta cultural en m\u00e1s de 60 stands gastron\u00f3micos y de artesan\u00edas, con un impactante escenario donde habr\u00e1 shows y m\u00fasica en vivo.<\/p>\n<p>El protagonista ser\u00e1 el Drag\u00f3n -que simboliza la sabidur\u00eda, la cultura y la riqueza- y ofrecer\u00e1 el ritual \u201cclavado de pupilas\u201d, mientras que los leones augurar\u00e1n la buena fortuna para el a\u00f1o que comienza con su alegr\u00eda y danzas t\u00edpicas. \u201cSe estima que viven en el pa\u00eds unos 200 mil chinos, de los cuales el 70% reside en la Ciudad de Buenos Aires y el \u00e1rea metropolitana, un volumen que posiciona a la comunidad china como la cuarta m\u00e1s grande del pa\u00eds, detr\u00e1s de la boliviana, la paraguaya y la peruana\u201d explican desde la Subsecretar\u00eda de Derechos Humanos y Pluralismo Cultural que depende de la Vicejefatura del Gobierno porte\u00f1a y organiza estas celebraciones en la Ciudad, junto a los integrantes de la colectividad. La Subsecretar\u00eda de Derechos Humanos y Pluralismo Cultural, a trav\u00e9s de la Direcci\u00f3n General de Colectividades, mantiene firme el compromiso de seguir fomentando y visualizando la cultura de las colectividades con el objetivo de mantenerla viva para todos los vecinos y las vecinas de la Ciudad.<\/p>\n","protected":false},"excerpt":{"rendered":"<p>En la Ciudad se desarrollan \u00a0una serie de actividades que encontrar\u00e1n su gran cierre el domingo 2 de febrero, con el BA Celebra el A\u00f1o Nuevo Chino, que organiza el Gobierno de la Ciudad en Av. Figueroa Alcorta y Sucre de 12 a 20 horas, con gastronom\u00eda, demostraciones de artes marciales, shows, m\u00fasica en vivo [&hellip;]<\/p>\n","protected":false},"author":1,"featured_media":765,"comment_status":"open","ping_status":"open","sticky":false,"template":"","format":"standard","meta":{"_et_pb_use_builder":"","_et_pb_old_content":"","_et_gb_content_width":"","footnotes":""},"categories":[11,32],"tags":[],"class_list":["post-764","post","type-post","status-publish","format-standard","has-post-thumbnail","hentry","category-ciudad","category-comunas"],"_links":{"self":[{"href":"https:\/\/vocesdebaires.com.ar\/index.php\/wp-json\/wp\/v2\/posts\/764"}],"collection":[{"href":"https:\/\/vocesdebaires.com.ar\/index.php\/wp-json\/wp\/v2\/posts"}],"about":[{"href":"https:\/\/vocesdebaires.com.ar\/index.php\/wp-json\/wp\/v2\/types\/post"}],"author":[{"embeddable":true,"href":"https:\/\/vocesdebaires.com.ar\/index.php\/wp-json\/wp\/v2\/users\/1"}],"replies":[{"embeddable":true,"href":"https:\/\/vocesdebaires.com.ar\/index.php\/wp-json\/wp\/v2\/comments?post=764"}],"version-history":[{"count":0,"href":"https:\/\/vocesdebaires.com.ar\/index.php\/wp-json\/wp\/v2\/posts\/764\/revisions"}],"wp:featuredmedia":[{"embeddable":true,"href":"https:\/\/vocesdebaires.com.ar\/index.php\/wp-json\/wp\/v2\/media\/765"}],"wp:attachment":[{"href":"https:\/\/vocesdebaires.com.ar\/index.php\/wp-json\/wp\/v2\/media?parent=764"}],"wp:term":[{"taxonomy":"category","embeddable":true,"href":"https:\/\/vocesdebaires.com.ar\/index.php\/wp-json\/wp\/v2\/categories?post=764"},{"taxonomy":"post_tag","embeddable":true,"href":"https:\/\/vocesdebaires.com.ar\/index.php\/wp-json\/wp\/v2\/tags?post=764"}],"curies":[{"name":"wp","href":"https:\/\/api.w.org\/{rel}","templated":true}]}}