{"id":7653,"date":"2017-11-21T03:00:00","date_gmt":"2017-11-21T06:00:00","guid":{"rendered":"http:\/\/vocesdebaires.com.ar\/wordpress\/index.php\/2017\/11\/21\/camerata-legislatura-rinde-tributo-a-vitillo-abalos\/"},"modified":"2017-11-21T03:00:00","modified_gmt":"2017-11-21T06:00:00","slug":"camerata-legislatura-rinde-tributo-a-vitillo-abalos","status":"publish","type":"post","link":"https:\/\/vocesdebaires.com.ar\/index.php\/2017\/11\/21\/camerata-legislatura-rinde-tributo-a-vitillo-abalos\/","title":{"rendered":"Camerata Legislatura rinde tributo a Vitillo \u00c1balos"},"content":{"rendered":"<p>\u00a0<br \/>\nEl Ciclo de M\u00fasica Cl\u00e1sica Argentina de la Legislatura de la Ciudad de Buenos Aires en su 12\u00b0 temporada present\u00f3 un nuevo concierto de la Camerata Legislatura Porte\u00f1a, en el que rindi\u00f3\u00a0 homenaje al consagrado folklorista Vitillo \u00c1balos. Esto pasado el Viernes 17 de noviembre a las 19:00 hs, en el Recinto de Sesiones, Per\u00fa 160. con entrada libre y gratuita.En el concierto se interpret\u00f3 versiones orquestales de las composiciones de los Hermanos \u00c1balos\u00a0 con la participaci\u00f3n del mismo Vitillo con su bombo. En la primera parte se incluy\u00f3 obras del repertorio universal, y la segunda parte estuvo dedicada \u00edntegramente a los Hermanos \u00c1balos. Se incluyeron las obras como Agitando Pa\u00f1uelos, Carnavalito Quebrade\u00f1o, Gatito de Tchaikovsky, Chacarera del Rancho entre otras de sus famosas obras. Las localidades fueron limitadas, ya que el recinto es muy chico y se presentaron mucha gente<\/p>\n","protected":false},"excerpt":{"rendered":"<p>\u00a0 El Ciclo de M\u00fasica Cl\u00e1sica Argentina de la Legislatura de la Ciudad de Buenos Aires en su 12\u00b0 temporada present\u00f3 un nuevo concierto de la Camerata Legislatura Porte\u00f1a, en el que rindi\u00f3\u00a0 homenaje al consagrado folklorista Vitillo \u00c1balos. Esto pasado el Viernes 17 de noviembre a las 19:00 hs, en el Recinto de Sesiones, [&hellip;]<\/p>\n","protected":false},"author":1,"featured_media":7654,"comment_status":"open","ping_status":"open","sticky":false,"template":"","format":"standard","meta":{"_et_pb_use_builder":"","_et_pb_old_content":"","_et_gb_content_width":"","footnotes":""},"categories":[11,33],"tags":[],"class_list":["post-7653","post","type-post","status-publish","format-standard","has-post-thumbnail","hentry","category-ciudad","category-sociedad-y-cultura-2"],"_links":{"self":[{"href":"https:\/\/vocesdebaires.com.ar\/index.php\/wp-json\/wp\/v2\/posts\/7653"}],"collection":[{"href":"https:\/\/vocesdebaires.com.ar\/index.php\/wp-json\/wp\/v2\/posts"}],"about":[{"href":"https:\/\/vocesdebaires.com.ar\/index.php\/wp-json\/wp\/v2\/types\/post"}],"author":[{"embeddable":true,"href":"https:\/\/vocesdebaires.com.ar\/index.php\/wp-json\/wp\/v2\/users\/1"}],"replies":[{"embeddable":true,"href":"https:\/\/vocesdebaires.com.ar\/index.php\/wp-json\/wp\/v2\/comments?post=7653"}],"version-history":[{"count":0,"href":"https:\/\/vocesdebaires.com.ar\/index.php\/wp-json\/wp\/v2\/posts\/7653\/revisions"}],"wp:featuredmedia":[{"embeddable":true,"href":"https:\/\/vocesdebaires.com.ar\/index.php\/wp-json\/wp\/v2\/media\/7654"}],"wp:attachment":[{"href":"https:\/\/vocesdebaires.com.ar\/index.php\/wp-json\/wp\/v2\/media?parent=7653"}],"wp:term":[{"taxonomy":"category","embeddable":true,"href":"https:\/\/vocesdebaires.com.ar\/index.php\/wp-json\/wp\/v2\/categories?post=7653"},{"taxonomy":"post_tag","embeddable":true,"href":"https:\/\/vocesdebaires.com.ar\/index.php\/wp-json\/wp\/v2\/tags?post=7653"}],"curies":[{"name":"wp","href":"https:\/\/api.w.org\/{rel}","templated":true}]}}