{"id":768,"date":"2020-01-28T03:00:00","date_gmt":"2020-01-28T06:00:00","guid":{"rendered":"http:\/\/vocesdebaires.com.ar\/wordpress\/index.php\/2020\/01\/28\/el-instituto-pasteur-lo-van-a-modernizarla\/"},"modified":"2020-01-28T03:00:00","modified_gmt":"2020-01-28T06:00:00","slug":"el-instituto-pasteur-lo-van-a-modernizarla","status":"publish","type":"post","link":"https:\/\/vocesdebaires.com.ar\/index.php\/2020\/01\/28\/el-instituto-pasteur-lo-van-a-modernizarla\/","title":{"rendered":"El Instituto Pasteur  lo van a modernizarla"},"content":{"rendered":"<p>Completado el proyecto inicial de construir nuevos espacios para alojar a perros y gatos donde antes hab\u00eda jaulas oscuras y sin ventilaci\u00f3n, las autoridades sanitarias porte\u00f1as se entusiasman al decir que esta vez lograr\u00e1n modernizar los servicios del Instituto de Zoonosis Luis Pasteur. Con una reestructuraci\u00f3n a trav\u00e9s de cargos concursados (incluida la direcci\u00f3n), el regreso de los m\u00f3viles de atenci\u00f3n barrial y una mayor presencia en la comunidad, entre otros cambios por definir, buscar\u00e1n reconvertirlo en un hospital para animales capaz de sostener campa\u00f1as p\u00fablicas de vacunaci\u00f3n y castraci\u00f3n, la promoci\u00f3n de la tenencia responsable y la educaci\u00f3n en las escuelas.<\/p>\n<p>En las instalaciones del Pasteur hay equipamiento embalado para ese proyecto desde hace tiempo, pero nunca se us\u00f3 durante la gesti\u00f3n de Oscar Lencinas, que dirige el instituto desde hace por lo menos dos d\u00e9cadas. El plan responde a la necesidad de contar con un hospital especializado en salud animal, dado el creciente inter\u00e9s de los porte\u00f1os por el cuidado y el bienestar tanto de sus mascotas como de los perros y los gatos callejeros. Sigue siendo una de las deudas pendientes de una ciudad que se promociona como un centro urbano pet friendly.<\/p>\n<p>En el pabell\u00f3n A del edificio situado sobre la avenida D\u00edaz V\u00e9lez al 4800, en Parque Centenario, se demolieron las antiguas jaulas destinadas a la cuarentena de gatos y perros que llegan tras una denuncia por haber mordido a alguien o, tambi\u00e9n, aparecen abandonados en el lugar. La obra, de 3,2 millones de pesos, incluy\u00f3 la construcci\u00f3n, el a\u00f1o pasado, de nueve caniles, seis para perros m\u00e1s grandes y dos para perros m\u00e1s peque\u00f1os, junto con un canil m\u00f3vil de tama\u00f1o intermedio que se puede ubicar entre los otros. En el sector para los felinos, se construyeron ocho gateras. Los pisos son lisos, continuos y antideslizantes.<\/p>\n<p>Se reformul\u00f3 todo ese sector, con espacios m\u00e1s amplios y funcionales para los animales que deben permanecer un tiempo en observaci\u00f3n. Se instal\u00f3 iluminaci\u00f3n y se mejoraron la ventilaci\u00f3n y la limpieza\u00bb, explica Nicol\u00e1s Montovio, subsecretario de Administraci\u00f3n del Sistema de Salud y responsable de los trabajos en las dos \u00e1reas de 125 metros cuadrados cubiertos del pabell\u00f3n A.  El Pasteur sale muy poco a la calle y la idea es implementar un programa de castraci\u00f3n e ir a los barrios a brindar la atenci\u00f3n sanitaria adecuada, adem\u00e1s de poner en marcha planes de vacunaci\u00f3n antirr\u00e1bica sostenidos, apunta Sergio Auger, director general de Hospitales del Ministerio de Salud porte\u00f1o.<\/p>\n<p>Para eso, tambi\u00e9n tendr\u00e1n que poner a punto las unidades m\u00f3viles que permanec\u00edan sin usar por falta de arreglos.El proyecto que present\u00f3 para activar ese proceso no conform\u00f3 a las nuevas autoridades, que buscan iniciar una l\u00ednea de investigaci\u00f3n para elaborar la vacuna de uso humano para la ciudad y, despu\u00e9s, para otras jurisdicciones que la soliciten a trav\u00e9s de la producci\u00f3n p\u00fablica de medicamentos. Otra prioridad en este plan para actualizar las prestaciones del Pasteur es mejorar el estudio de las enfermedades que se pueden transmitir de animales al ser humano. Estas infecciones zoon\u00f3ticas son de alto inter\u00e9s para la salud p\u00fablica porque el 75% de los virus, las bacterias, los hongos o los par\u00e1sitos emergentes en la d\u00e9cada pasada son de origen animal.<\/p>\n","protected":false},"excerpt":{"rendered":"<p>Completado el proyecto inicial de construir nuevos espacios para alojar a perros y gatos donde antes hab\u00eda jaulas oscuras y sin ventilaci\u00f3n, las autoridades sanitarias porte\u00f1as se entusiasman al decir que esta vez lograr\u00e1n modernizar los servicios del Instituto de Zoonosis Luis Pasteur. Con una reestructuraci\u00f3n a trav\u00e9s de cargos concursados (incluida la direcci\u00f3n), el [&hellip;]<\/p>\n","protected":false},"author":1,"featured_media":769,"comment_status":"open","ping_status":"open","sticky":false,"template":"","format":"standard","meta":{"_et_pb_use_builder":"","_et_pb_old_content":"","_et_gb_content_width":"","footnotes":""},"categories":[11,33],"tags":[],"class_list":["post-768","post","type-post","status-publish","format-standard","has-post-thumbnail","hentry","category-ciudad","category-sociedad-y-cultura-2"],"_links":{"self":[{"href":"https:\/\/vocesdebaires.com.ar\/index.php\/wp-json\/wp\/v2\/posts\/768"}],"collection":[{"href":"https:\/\/vocesdebaires.com.ar\/index.php\/wp-json\/wp\/v2\/posts"}],"about":[{"href":"https:\/\/vocesdebaires.com.ar\/index.php\/wp-json\/wp\/v2\/types\/post"}],"author":[{"embeddable":true,"href":"https:\/\/vocesdebaires.com.ar\/index.php\/wp-json\/wp\/v2\/users\/1"}],"replies":[{"embeddable":true,"href":"https:\/\/vocesdebaires.com.ar\/index.php\/wp-json\/wp\/v2\/comments?post=768"}],"version-history":[{"count":0,"href":"https:\/\/vocesdebaires.com.ar\/index.php\/wp-json\/wp\/v2\/posts\/768\/revisions"}],"wp:featuredmedia":[{"embeddable":true,"href":"https:\/\/vocesdebaires.com.ar\/index.php\/wp-json\/wp\/v2\/media\/769"}],"wp:attachment":[{"href":"https:\/\/vocesdebaires.com.ar\/index.php\/wp-json\/wp\/v2\/media?parent=768"}],"wp:term":[{"taxonomy":"category","embeddable":true,"href":"https:\/\/vocesdebaires.com.ar\/index.php\/wp-json\/wp\/v2\/categories?post=768"},{"taxonomy":"post_tag","embeddable":true,"href":"https:\/\/vocesdebaires.com.ar\/index.php\/wp-json\/wp\/v2\/tags?post=768"}],"curies":[{"name":"wp","href":"https:\/\/api.w.org\/{rel}","templated":true}]}}