{"id":774,"date":"2020-01-27T03:00:00","date_gmt":"2020-01-27T06:00:00","guid":{"rendered":"http:\/\/vocesdebaires.com.ar\/wordpress\/index.php\/2020\/01\/27\/lenguas-vivas-j-b-justo-tiene-nuevo-edificio\/"},"modified":"2020-01-27T03:00:00","modified_gmt":"2020-01-27T06:00:00","slug":"lenguas-vivas-j-b-justo-tiene-nuevo-edificio","status":"publish","type":"post","link":"https:\/\/vocesdebaires.com.ar\/index.php\/2020\/01\/27\/lenguas-vivas-j-b-justo-tiene-nuevo-edificio\/","title":{"rendered":"Lenguas Vivas J.B. Justo tiene nuevo edificio"},"content":{"rendered":"<p>El jefe de Gobierno porte\u00f1o, Horacio Rodr\u00edguez Larreta, recorri\u00f3 el nuevo edificio de la secundaria del Instituto de Educaci\u00f3n Superior (IES) en Lenguas Vivas Juan B. Justo, que con una superficie de 2.800 metros cuadrados cubiertos y 655 metros cuadrados descubiertos permitir\u00e1 albergar a m\u00e1s alumnos. Rodr\u00edguez Larreta explic\u00f3 que \u201cpara nosotros la educaci\u00f3n es una gran prioridad, y no s\u00f3lo en t\u00e9rminos de obras, sino de mejorar la calidad educativa, la incorporaci\u00f3n de tecnolog\u00eda, todo el trabajo que estamos haciendo con la Secundaria del Futuro\u201d.<\/p>\n<p>\u201cY cuando vengo y veo c\u00f3mo avanzan las cosas a m\u00ed me entusiasma much\u00edsimo y me da m\u00e1s fuerza para seguir con la transformaci\u00f3n del sistema educativo que tan necesaria es para los chicos y para el futuro de la Ciudad\u201d, agreg\u00f3. Estuvieron presentes en la recorrida el vicejefe de Gobierno porte\u00f1o, Diego Santilli; la ministra de Educaci\u00f3n e Innovaci\u00f3n, Soledad Acu\u00f1a, y el subsecretario de Obras del Ministerio de Desarrollo Urbano y Transporte, Marcelo Palacio. Por su parte, Acu\u00f1a destac\u00f3 que esta iniciativa \u201cpermite que en el edificio anterior puedan crecer las vacantes para la escuela primaria y para el Instituto de Formaci\u00f3n Docente, que es hist\u00f3rico y que funciona en este mismo edificio\u201d.<\/p>\n<p>La ministra se\u00f1al\u00f3 que \u201cera una deuda que ten\u00edamos con la comunidad educativa para que la escuela pueda funcionar bien y para que los chicos tengan sus espacios adecuados\u201d. Son 262 los alumnos que ya estudian en este lugar. Asist\u00edan a un edificio ubicado a la vuelta del actual (Lescano 3840, Villa del Parque), donde sigue funcionando el nivel primario. La nueva construcci\u00f3n tiene tres pisos donde est\u00e1n distribuidas diez aulas. El instituto cuenta con nivel inicial, primario y medio en los turnos diurnos y con tres carreras del nivel superior en el turno vespertino: Profesorado de Educaci\u00f3n Inicial (PEI), Profesorado de Nivel Primario (PNP) y Ciclo de Formaci\u00f3n Pedag\u00f3gica para Profesionales y T\u00e9cnicos Superiores.<\/p>\n<p>Este nuevo edificio forma parte del Plan 54 Escuelas que se viene desarrollando en los \u00faltimos cuatro a\u00f1os. Son nueve las escuelas nuevas que empiezan el ciclo lectivo 2020, sum\u00e1ndose a las 40 ya inauguradas. Una vez que el plan finalice, los vecinos van a contar con un total de 31 escuelas de Nivel Inicial, 12 de Nivel Primario y 9 de Nivel Secundario. Adem\u00e1s, el 60% de ellas est\u00e1 ubicado en la zona sur de la Ciudad. En 2019 se inauguraron 22 escuelas nuevas: 18 de Nivel Inicial, 11 de Nivel Primario y 5 de Nivel Secundario, una de Adultos y Centro de Formaci\u00f3n Profesional.<\/p>\n<p>Foto de Juan Manuel Laurens \/ Prensa GCBA \/ ign<\/p>\n","protected":false},"excerpt":{"rendered":"<p>El jefe de Gobierno porte\u00f1o, Horacio Rodr\u00edguez Larreta, recorri\u00f3 el nuevo edificio de la secundaria del Instituto de Educaci\u00f3n Superior (IES) en Lenguas Vivas Juan B. Justo, que con una superficie de 2.800 metros cuadrados cubiertos y 655 metros cuadrados descubiertos permitir\u00e1 albergar a m\u00e1s alumnos. Rodr\u00edguez Larreta explic\u00f3 que \u201cpara nosotros la educaci\u00f3n es [&hellip;]<\/p>\n","protected":false},"author":1,"featured_media":775,"comment_status":"open","ping_status":"open","sticky":false,"template":"","format":"standard","meta":{"_et_pb_use_builder":"","_et_pb_old_content":"","_et_gb_content_width":"","footnotes":""},"categories":[11,32],"tags":[],"class_list":["post-774","post","type-post","status-publish","format-standard","has-post-thumbnail","hentry","category-ciudad","category-comunas"],"_links":{"self":[{"href":"https:\/\/vocesdebaires.com.ar\/index.php\/wp-json\/wp\/v2\/posts\/774"}],"collection":[{"href":"https:\/\/vocesdebaires.com.ar\/index.php\/wp-json\/wp\/v2\/posts"}],"about":[{"href":"https:\/\/vocesdebaires.com.ar\/index.php\/wp-json\/wp\/v2\/types\/post"}],"author":[{"embeddable":true,"href":"https:\/\/vocesdebaires.com.ar\/index.php\/wp-json\/wp\/v2\/users\/1"}],"replies":[{"embeddable":true,"href":"https:\/\/vocesdebaires.com.ar\/index.php\/wp-json\/wp\/v2\/comments?post=774"}],"version-history":[{"count":0,"href":"https:\/\/vocesdebaires.com.ar\/index.php\/wp-json\/wp\/v2\/posts\/774\/revisions"}],"wp:featuredmedia":[{"embeddable":true,"href":"https:\/\/vocesdebaires.com.ar\/index.php\/wp-json\/wp\/v2\/media\/775"}],"wp:attachment":[{"href":"https:\/\/vocesdebaires.com.ar\/index.php\/wp-json\/wp\/v2\/media?parent=774"}],"wp:term":[{"taxonomy":"category","embeddable":true,"href":"https:\/\/vocesdebaires.com.ar\/index.php\/wp-json\/wp\/v2\/categories?post=774"},{"taxonomy":"post_tag","embeddable":true,"href":"https:\/\/vocesdebaires.com.ar\/index.php\/wp-json\/wp\/v2\/tags?post=774"}],"curies":[{"name":"wp","href":"https:\/\/api.w.org\/{rel}","templated":true}]}}