{"id":776,"date":"2020-01-27T03:00:00","date_gmt":"2020-01-27T06:00:00","guid":{"rendered":"http:\/\/vocesdebaires.com.ar\/wordpress\/index.php\/2020\/01\/27\/fiba-2020-pasos-para-conseguir-las-entradas-2\/"},"modified":"2020-01-27T03:00:00","modified_gmt":"2020-01-27T06:00:00","slug":"fiba-2020-pasos-para-conseguir-las-entradas-2","status":"publish","type":"post","link":"https:\/\/vocesdebaires.com.ar\/index.php\/2020\/01\/27\/fiba-2020-pasos-para-conseguir-las-entradas-2\/","title":{"rendered":"FIBA 2020: Pasos para conseguir las entradas"},"content":{"rendered":"<p>El Festival Internacional de Buenos Aires (FIBA) ya habilit\u00f3 la compra para las funciones con venta de entradas y quienes deseen adquirirlas podr\u00e1n hacerlo a trav\u00e9s de este link : <a href=\"https:\/\/www.buenosaires.gob.ar\/fiba\/entradas\">https:\/\/www.buenosaires.gob.ar\/fiba\/entradas<\/a> o entrando a la descripci\u00f3n de cada funci\u00f3n. Adem\u00e1s de comprar entradas online, se podr\u00e1n adquirir personalmente en diferentes puntos de venta. Hasta el 1 de febrero en el Teatro San Martin (Av. Corrientes 1530) y en el Centro Cultural 25 de Mayo (Av. Triunvirato 4444) de 12 a 21.<\/p>\n<p>Los valores de las entradas son de $150 para obras nacionales y $300 para las producciones internacionales. En los espect\u00e1culos que figura la leyenda \u201cGratis, con reserva online\u201d, se puede reservar una entrada por persona por funci\u00f3n desde el 21 de enero en la web oficial.<\/p>\n<p>Las entradas reservadas se podra\u0301n retirar desde 2 horas antes del comienzo del especta\u0301culo en el Puesto de Informes de cada sede. Tendra\u0301n validez hasta 30 minutos antes del comienzo del especta\u0301culo, y luego se liberara\u0301n para el pu\u0301blico general. Para todas las funciones y actividades de Marat\u00f3n Abasto las reservas se habilitar\u00e1n desde el 30 de enero. En las actividades o funciones donde se aclare que la entrada es \u201cgratis, con entrada libre\u201d, el ingreso es por orden de llegada hasta agotar la capacidad de los espacios. No te pierdas la oportunidad de ver lo mejor del teatro, la danza, la m\u00fasica y las artes visuales argentinas e internacionales.<\/p>\n<p>Lo mejor del teatro, la m\u00fasica, las artes visuales y la danza<br \/>Del 23 de enero al 1\u00b0 de febrero m\u00e1s de 2.800 artistas ofrecen 530 espect\u00e1culos en 115 sedes de la Ciudad. Vecinos y turistas podr\u00e1n disfrutar de perfomances, obras y recorridos urbanos en salas y en el espacio p\u00fablico.<\/p>\n","protected":false},"excerpt":{"rendered":"<p>El Festival Internacional de Buenos Aires (FIBA) ya habilit\u00f3 la compra para las funciones con venta de entradas y quienes deseen adquirirlas podr\u00e1n hacerlo a trav\u00e9s de este link : https:\/\/www.buenosaires.gob.ar\/fiba\/entradas o entrando a la descripci\u00f3n de cada funci\u00f3n. Adem\u00e1s de comprar entradas online, se podr\u00e1n adquirir personalmente en diferentes puntos de venta. Hasta el [&hellip;]<\/p>\n","protected":false},"author":1,"featured_media":777,"comment_status":"open","ping_status":"open","sticky":false,"template":"","format":"standard","meta":{"_et_pb_use_builder":"","_et_pb_old_content":"","_et_gb_content_width":"","footnotes":""},"categories":[11,32],"tags":[],"class_list":["post-776","post","type-post","status-publish","format-standard","has-post-thumbnail","hentry","category-ciudad","category-comunas"],"_links":{"self":[{"href":"https:\/\/vocesdebaires.com.ar\/index.php\/wp-json\/wp\/v2\/posts\/776"}],"collection":[{"href":"https:\/\/vocesdebaires.com.ar\/index.php\/wp-json\/wp\/v2\/posts"}],"about":[{"href":"https:\/\/vocesdebaires.com.ar\/index.php\/wp-json\/wp\/v2\/types\/post"}],"author":[{"embeddable":true,"href":"https:\/\/vocesdebaires.com.ar\/index.php\/wp-json\/wp\/v2\/users\/1"}],"replies":[{"embeddable":true,"href":"https:\/\/vocesdebaires.com.ar\/index.php\/wp-json\/wp\/v2\/comments?post=776"}],"version-history":[{"count":0,"href":"https:\/\/vocesdebaires.com.ar\/index.php\/wp-json\/wp\/v2\/posts\/776\/revisions"}],"wp:featuredmedia":[{"embeddable":true,"href":"https:\/\/vocesdebaires.com.ar\/index.php\/wp-json\/wp\/v2\/media\/777"}],"wp:attachment":[{"href":"https:\/\/vocesdebaires.com.ar\/index.php\/wp-json\/wp\/v2\/media?parent=776"}],"wp:term":[{"taxonomy":"category","embeddable":true,"href":"https:\/\/vocesdebaires.com.ar\/index.php\/wp-json\/wp\/v2\/categories?post=776"},{"taxonomy":"post_tag","embeddable":true,"href":"https:\/\/vocesdebaires.com.ar\/index.php\/wp-json\/wp\/v2\/tags?post=776"}],"curies":[{"name":"wp","href":"https:\/\/api.w.org\/{rel}","templated":true}]}}