{"id":7763,"date":"2017-11-09T03:00:00","date_gmt":"2017-11-09T06:00:00","guid":{"rendered":"http:\/\/vocesdebaires.com.ar\/wordpress\/index.php\/2017\/11\/09\/ciudad-santilli-visito-el-peaje-parque-avellaneda\/"},"modified":"2017-11-09T03:00:00","modified_gmt":"2017-11-09T06:00:00","slug":"ciudad-santilli-visito-el-peaje-parque-avellaneda","status":"publish","type":"post","link":"https:\/\/vocesdebaires.com.ar\/index.php\/2017\/11\/09\/ciudad-santilli-visito-el-peaje-parque-avellaneda\/","title":{"rendered":"Ciudad: Santilli visit\u00f3 el Peaje Parque Avellaneda"},"content":{"rendered":"<p>\u00a0<br \/>\nEl vicejefe de Gobierno porte\u00f1o, Diego Santilli, visit\u00f3 el Peaje de Parque Avellaneda, en el que se instalaron a trav\u00e9s de AUSA m\u00e1s de 400 paneles solares que suministrar\u00e1n la energ\u00eda necesaria para el funcionamiento de las cabinas, lo cual significa \u201cun paso gigante hacia Buenos Aires Ciudad Verde\u201d. Santilli explic\u00f3 que esta iniciativa forma parte de un plan que incluye, por ejemplo, el \u201crecambio integral de luminarias de la Ciudad de Buenos Aires a led, que nos permite ahorrar un 50 por ciento de energ\u00eda\u201d y tambi\u00e9n \u201chacer terrazas verdes y generar m\u00e1s espacios verdes\u201d. Los paneles, que generan una potencia igual a la que producen 728 hogares promedio por a\u00f1o, aportan energ\u00eda al consumo y la iluminaci\u00f3n de la red de Autopistas Urbanas y alivianan la red el\u00e9ctrica de la Ciudad.<br \/>\nEl vicejefe destac\u00f3 la importancia de \u201chacer que AUSA con esta inversi\u00f3n nos lleve a generar energ\u00eda\u201d, lo cual es \u201cun paso important\u00edsimo para seguir ahorrando\u201d electricidad. \u201cOjal\u00e1 en breve podamos seguir con esto de la energ\u00eda inversa, es decir, que lo que est\u00e9n generando esos paneles se lo podamos inyectar a la red\u201d de autopistas, agreg\u00f3. El sistema tiene un dispositivo llamado \u201cinversor\u201d que sirve para transformar la energ\u00eda continua de los paneles en energ\u00eda alterna. As\u00ed, cuando la legislaci\u00f3n de generaci\u00f3n distribuida entre en vigencia, van a aportar energ\u00eda a la red el\u00e9ctrica cuando los paneles superen la demanda de consumo de AUSA.Con estos paneles solares se va a evitar la emisi\u00f3n de 141 toneladas de di\u00f3xido de carbono anuales, que equivalen a la emisi\u00f3n producida por 880 autos nafteros en un a\u00f1o.<br \/>\nDe la visita tambi\u00e9n particip\u00f3 el ministro de Desarrollo Urbano y Transporte porte\u00f1o, Franco Moccia, quien se\u00f1al\u00f3 que esta instalaci\u00f3n va a \u201chacer m\u00e1s sustentable la operaci\u00f3n de las autopistas de la Ciudad\u201d.\u201cEsto es un primer paso, lo vamos a hacer en las otras grandes estaciones de peaje de la Ciudad y esto es parte del programa de la Ciudad Verde de Buenos Aires\u201d, a\u00f1adi\u00f3.Actualmente ya est\u00e1n terminadas y operativas las estaciones ubicadas en el peaje Parque Avellaneda de Autopista Perito Moreno y Autopista Dellepiane, y en el inicio de Autopista 25 de Mayo. Adem\u00e1s, est\u00e1 comenzando la instalaci\u00f3n de los paneles solares en el peaje Retiro de Autopista Illia.<\/p>\n","protected":false},"excerpt":{"rendered":"<p>\u00a0 El vicejefe de Gobierno porte\u00f1o, Diego Santilli, visit\u00f3 el Peaje de Parque Avellaneda, en el que se instalaron a trav\u00e9s de AUSA m\u00e1s de 400 paneles solares que suministrar\u00e1n la energ\u00eda necesaria para el funcionamiento de las cabinas, lo cual significa \u201cun paso gigante hacia Buenos Aires Ciudad Verde\u201d. Santilli explic\u00f3 que esta iniciativa [&hellip;]<\/p>\n","protected":false},"author":1,"featured_media":7764,"comment_status":"open","ping_status":"open","sticky":false,"template":"","format":"standard","meta":{"_et_pb_use_builder":"","_et_pb_old_content":"","_et_gb_content_width":"","footnotes":""},"categories":[11,32],"tags":[],"class_list":["post-7763","post","type-post","status-publish","format-standard","has-post-thumbnail","hentry","category-ciudad","category-comunas"],"_links":{"self":[{"href":"https:\/\/vocesdebaires.com.ar\/index.php\/wp-json\/wp\/v2\/posts\/7763"}],"collection":[{"href":"https:\/\/vocesdebaires.com.ar\/index.php\/wp-json\/wp\/v2\/posts"}],"about":[{"href":"https:\/\/vocesdebaires.com.ar\/index.php\/wp-json\/wp\/v2\/types\/post"}],"author":[{"embeddable":true,"href":"https:\/\/vocesdebaires.com.ar\/index.php\/wp-json\/wp\/v2\/users\/1"}],"replies":[{"embeddable":true,"href":"https:\/\/vocesdebaires.com.ar\/index.php\/wp-json\/wp\/v2\/comments?post=7763"}],"version-history":[{"count":0,"href":"https:\/\/vocesdebaires.com.ar\/index.php\/wp-json\/wp\/v2\/posts\/7763\/revisions"}],"wp:featuredmedia":[{"embeddable":true,"href":"https:\/\/vocesdebaires.com.ar\/index.php\/wp-json\/wp\/v2\/media\/7764"}],"wp:attachment":[{"href":"https:\/\/vocesdebaires.com.ar\/index.php\/wp-json\/wp\/v2\/media?parent=7763"}],"wp:term":[{"taxonomy":"category","embeddable":true,"href":"https:\/\/vocesdebaires.com.ar\/index.php\/wp-json\/wp\/v2\/categories?post=7763"},{"taxonomy":"post_tag","embeddable":true,"href":"https:\/\/vocesdebaires.com.ar\/index.php\/wp-json\/wp\/v2\/tags?post=7763"}],"curies":[{"name":"wp","href":"https:\/\/api.w.org\/{rel}","templated":true}]}}