{"id":7769,"date":"2017-11-09T03:00:00","date_gmt":"2017-11-09T06:00:00","guid":{"rendered":"http:\/\/vocesdebaires.com.ar\/wordpress\/index.php\/2017\/11\/09\/expusieron-autoridades-del-tsj-y-ministerio-publico\/"},"modified":"2017-11-09T03:00:00","modified_gmt":"2017-11-09T06:00:00","slug":"expusieron-autoridades-del-tsj-y-ministerio-publico","status":"publish","type":"post","link":"https:\/\/vocesdebaires.com.ar\/index.php\/2017\/11\/09\/expusieron-autoridades-del-tsj-y-ministerio-publico\/","title":{"rendered":"Expusieron autoridades del TSJ y Ministerio P\u00fablico"},"content":{"rendered":"<p>\u00a0<br \/>\nEl presidente del Tribunal Superior de Justicia (TSJ) de la Ciudad de Buenos Aires, Luis Lozano; el fiscal general a cargo del Ministerio P\u00fablico, Luis Cevasco; el defensor General, Horacio Corti y la asesora general Tutelar, Yael Bendel asistieron a la Comisi\u00f3n de Presupuesto de la Legislatura para valorar la partida de dinero asignada por el proyecto de ley de Presupuesto para el 2018.<br \/>\nTribunal Superior de Justicia<br \/>\nEl presidente del Tribunal Superior de Justicia de la Ciudad de Buenos Aires, Luis Lozano se comprometi\u00f3 a \u201cun acuerdo de responsabilidad fiscal que nos limita a todos&quot; en relaci\u00f3n a las asignaciones presupuestarias que \u201cnos fueron comunicadas con amabilidad por el ministro de Hacienda porte\u00f1o, Mart\u00edn Mura\u201d.Lozano explic\u00f3 que el TSJ tom\u00f3 las medidas administrativas correspondientes para \u201cla aprobaci\u00f3n final de fondos que envi\u00f3 el ejecutivo\u201d.  Est\u00e1 previsto que, a partir de 2018, se inicie el proceso de transferencia de mayores competencias judiciales, desde el nivel nacional al \u00e1mbito de la Ciudad Aut\u00f3noma de Buenos Aires.<br \/>\nEn virtud de ello, el Tribunal adecuar\u00e1 sus estructuras de personal, creando las unidades organizativas que resulten necesarias para absorber eficazmente las materias transferidas, las que ser\u00e1n dotadas de los recursos humanos y materiales suficientes para su adecuado funcionamiento. Adem\u00e1s, colaborar\u00e1 con los restantes actores del proceso de transferencia, en la vinculaci\u00f3n institucional y la elaboraci\u00f3n de la normativa necesaria para lograr esos objetivos. Lozano destac\u00f3 \u201cel recupero de las facultades jurisdiccionales\u201d por parte de la ciudad.  Estar\u00edan incluidos los fueros penal y civil. Los objetivos esbozados son la transferencia \u201cdel fuero nacional penal a la Ciudad Aut\u00f3noma de Buenos Aires&quot;, \u201clos fueros nacionales en lo civil, patrimonial y de familia, comercial y del consumidor&quot;, adem\u00e1s del laboral a la Ciudad Aut\u00f3noma de Buenos Aires.<br \/>\nMinisterio P\u00fablico<br \/>\nEl fiscal general a cargo del Ministerio P\u00fablico Fiscal, Luis Cevasco resalt\u00f3 al comienzo de su exposici\u00f3n que\u00a0 &quot;hemos ampliado los fiscal\u00edas de violencia de g\u00e9nero&quot;, as\u00ed como tambi\u00e9n la asistencia a la v\u00edctima, los delitos inform\u00e1ticos y aquellos relacionados con \u201cla pornograf\u00eda infantil\u201d Sobre el traspaso de los fueros, \u201cnuestra mayor preocupaci\u00f3n es la infraestructura\u201d y destac\u00f3 que tienen previsto mudar dos sedes. Cevasco subray\u00f3 el \u201cimportante incremento de los detenidos\u201d ya que han encarado \u201cel narcomenudeo\u201d El defensor general, Horacio Corti, resalt\u00f3 \u201cla inminente transferencia de los fueros, que esta c\u00e1mara legislativa pronto debatir\u00e1\u201d.<br \/>\nY explic\u00f3 la reducci\u00f3n de costos con la instrumentaci\u00f3n del \u201cexpediente electr\u00f3nico\u201d. Tambi\u00e9n subray\u00f3 que el organismo que preside, est\u00e1 llevando \u201cuna pol\u00edtica de descentralizaci\u00f3n, presentes en el sur de la ciudad\u201d.La asesora general Tutelar, Yael Bendel, repas\u00f3 las acciones que llevan a cabo en consonancia con la Convenci\u00f3n sobre los Derechos del Ni\u00f1o incorporada a la Constituci\u00f3n Nacional.\u00a0 Mencion\u00f3 el art\u00edculo 12 donde, \u201cse dar\u00e1 en particular al ni\u00f1o oportunidad de ser escuchado en todo procedimiento judicial o administrativo que afecte al ni\u00f1o\u201d. Tambi\u00e9n Bendel coment\u00f3 las acciones de prevenci\u00f3n para \u201c4 mil alumnos en acoso y cyberbulling\u201d y a \u201c700 cadetes de la polic\u00eda\u201d<br \/>\nLa reuni\u00f3n estuvo presidida por el\u00a0legislador \u00a0Alejandro Garc\u00eda (PRO), presidente de la comisi\u00f3n de Presupuesto, que resalt\u00f3 \u201cla prolijidad con la que el TSJ ha manejado el presupuesto y ha tenido super\u00e1vit\u201d, en relaci\u00f3n al ejercicio 2017. Estuvieron presentes en la presentaci\u00f3n los\u00a0legisladores \u00a0L\u00eda Rueda, Daniel Presti, Fernando Yuan, Paula Villalba, Victoria Rold\u00e1n M\u00e9ndez (todos del PRO), Paula Oliveto Lago (CC), Juan Nosiglia y Marcelo Guouman (Suma +) y Mar\u00eda Rosa Mui\u00f1os (BP).<\/p>\n","protected":false},"excerpt":{"rendered":"<p>\u00a0 El presidente del Tribunal Superior de Justicia (TSJ) de la Ciudad de Buenos Aires, Luis Lozano; el fiscal general a cargo del Ministerio P\u00fablico, Luis Cevasco; el defensor General, Horacio Corti y la asesora general Tutelar, Yael Bendel asistieron a la Comisi\u00f3n de Presupuesto de la Legislatura para valorar la partida de dinero asignada [&hellip;]<\/p>\n","protected":false},"author":1,"featured_media":7770,"comment_status":"open","ping_status":"open","sticky":false,"template":"","format":"standard","meta":{"_et_pb_use_builder":"","_et_pb_old_content":"","_et_gb_content_width":"","footnotes":""},"categories":[11,33],"tags":[],"class_list":["post-7769","post","type-post","status-publish","format-standard","has-post-thumbnail","hentry","category-ciudad","category-sociedad-y-cultura-2"],"_links":{"self":[{"href":"https:\/\/vocesdebaires.com.ar\/index.php\/wp-json\/wp\/v2\/posts\/7769"}],"collection":[{"href":"https:\/\/vocesdebaires.com.ar\/index.php\/wp-json\/wp\/v2\/posts"}],"about":[{"href":"https:\/\/vocesdebaires.com.ar\/index.php\/wp-json\/wp\/v2\/types\/post"}],"author":[{"embeddable":true,"href":"https:\/\/vocesdebaires.com.ar\/index.php\/wp-json\/wp\/v2\/users\/1"}],"replies":[{"embeddable":true,"href":"https:\/\/vocesdebaires.com.ar\/index.php\/wp-json\/wp\/v2\/comments?post=7769"}],"version-history":[{"count":0,"href":"https:\/\/vocesdebaires.com.ar\/index.php\/wp-json\/wp\/v2\/posts\/7769\/revisions"}],"wp:featuredmedia":[{"embeddable":true,"href":"https:\/\/vocesdebaires.com.ar\/index.php\/wp-json\/wp\/v2\/media\/7770"}],"wp:attachment":[{"href":"https:\/\/vocesdebaires.com.ar\/index.php\/wp-json\/wp\/v2\/media?parent=7769"}],"wp:term":[{"taxonomy":"category","embeddable":true,"href":"https:\/\/vocesdebaires.com.ar\/index.php\/wp-json\/wp\/v2\/categories?post=7769"},{"taxonomy":"post_tag","embeddable":true,"href":"https:\/\/vocesdebaires.com.ar\/index.php\/wp-json\/wp\/v2\/tags?post=7769"}],"curies":[{"name":"wp","href":"https:\/\/api.w.org\/{rel}","templated":true}]}}