{"id":789,"date":"2020-04-20T03:00:00","date_gmt":"2020-04-20T06:00:00","guid":{"rendered":"http:\/\/vocesdebaires.com.ar\/wordpress\/index.php\/2020\/04\/20\/ciudad-los-trabajadores-esenciales-en-higiene\/"},"modified":"2020-04-20T03:00:00","modified_gmt":"2020-04-20T06:00:00","slug":"ciudad-los-trabajadores-esenciales-en-higiene","status":"publish","type":"post","link":"https:\/\/vocesdebaires.com.ar\/index.php\/2020\/04\/20\/ciudad-los-trabajadores-esenciales-en-higiene\/","title":{"rendered":"Ciudad: Los trabajadores esenciales en higiene"},"content":{"rendered":"<p>Limpiando el espacio p\u00fablico se cuidan y te cuidan. Siguen las medidas de precauci\u00f3n extraordinarias para evitar la propagaci\u00f3n del coronavirus dictadas por el Plan de Desinfecci\u00f3n de limpieza de la Ciudad. Todos ellos y ellas son trabajadores esenciales del Ministerio de Espacio P\u00fablico e Higiene Urbana y dada la emergencia por el coronavirus han incorporado a sus tareas cotidianas la utilizaci\u00f3n de barbijos, guantes, anteojos de seguridad y cofia seg\u00fan el caso. As\u00ed como tambi\u00e9n han comenzado a cuidar m\u00e1s la higiene de sus manos y han cambiado algunos h\u00e1bitos, por ejemplo, salen a los servicios en grupos m\u00e1s peque\u00f1os, con diferencia horaria y se toman recaudos en el ingreso y egreso de las bases o sub-bases para mantener el distanciamiento social.<\/p>\n<p>\u201cEn el marco de la pandemia de Covid 19 es fundamental incrementar la higiene en los espacios comunes. Por eso impulsamos un plan de desinfecci\u00f3n en toda la Ciudad y tomamos las medidas necesarias para mantener en funcionamiento del servicio de recolecci\u00f3n cuidando a los trabajadores y a los vecinos\u201d, se\u00f1al\u00f3 Clara Muzzio, ministra de Espacio P\u00fablico e Higiene Urbana.Porque las ciudades se limpian por muchas razones: por est\u00e9tica, por higiene, pero sobre todo por salud. Y m\u00e1s en estos d\u00edas, en que las tareas de los trabajadores esenciales de higiene se volvi\u00f3 vital.<\/p>\n","protected":false},"excerpt":{"rendered":"<p>Limpiando el espacio p\u00fablico se cuidan y te cuidan. Siguen las medidas de precauci\u00f3n extraordinarias para evitar la propagaci\u00f3n del coronavirus dictadas por el Plan de Desinfecci\u00f3n de limpieza de la Ciudad. Todos ellos y ellas son trabajadores esenciales del Ministerio de Espacio P\u00fablico e Higiene Urbana y dada la emergencia por el coronavirus han [&hellip;]<\/p>\n","protected":false},"author":1,"featured_media":790,"comment_status":"open","ping_status":"open","sticky":false,"template":"","format":"standard","meta":{"_et_pb_use_builder":"","_et_pb_old_content":"","_et_gb_content_width":"","footnotes":""},"categories":[11,32],"tags":[],"class_list":["post-789","post","type-post","status-publish","format-standard","has-post-thumbnail","hentry","category-ciudad","category-comunas"],"_links":{"self":[{"href":"https:\/\/vocesdebaires.com.ar\/index.php\/wp-json\/wp\/v2\/posts\/789"}],"collection":[{"href":"https:\/\/vocesdebaires.com.ar\/index.php\/wp-json\/wp\/v2\/posts"}],"about":[{"href":"https:\/\/vocesdebaires.com.ar\/index.php\/wp-json\/wp\/v2\/types\/post"}],"author":[{"embeddable":true,"href":"https:\/\/vocesdebaires.com.ar\/index.php\/wp-json\/wp\/v2\/users\/1"}],"replies":[{"embeddable":true,"href":"https:\/\/vocesdebaires.com.ar\/index.php\/wp-json\/wp\/v2\/comments?post=789"}],"version-history":[{"count":0,"href":"https:\/\/vocesdebaires.com.ar\/index.php\/wp-json\/wp\/v2\/posts\/789\/revisions"}],"wp:featuredmedia":[{"embeddable":true,"href":"https:\/\/vocesdebaires.com.ar\/index.php\/wp-json\/wp\/v2\/media\/790"}],"wp:attachment":[{"href":"https:\/\/vocesdebaires.com.ar\/index.php\/wp-json\/wp\/v2\/media?parent=789"}],"wp:term":[{"taxonomy":"category","embeddable":true,"href":"https:\/\/vocesdebaires.com.ar\/index.php\/wp-json\/wp\/v2\/categories?post=789"},{"taxonomy":"post_tag","embeddable":true,"href":"https:\/\/vocesdebaires.com.ar\/index.php\/wp-json\/wp\/v2\/tags?post=789"}],"curies":[{"name":"wp","href":"https:\/\/api.w.org\/{rel}","templated":true}]}}