{"id":791,"date":"2020-04-20T03:00:00","date_gmt":"2020-04-20T06:00:00","guid":{"rendered":"http:\/\/vocesdebaires.com.ar\/wordpress\/index.php\/2020\/04\/20\/mataderos-policia-detuvo-al-taxi-dealer\/"},"modified":"2020-04-20T03:00:00","modified_gmt":"2020-04-20T06:00:00","slug":"mataderos-policia-detuvo-al-taxi-dealer","status":"publish","type":"post","link":"https:\/\/vocesdebaires.com.ar\/index.php\/2020\/04\/20\/mataderos-policia-detuvo-al-taxi-dealer\/","title":{"rendered":"Mataderos: Polic\u00eda detuvo al taxi dealer"},"content":{"rendered":"<p>Los efectivos porte\u00f1os circulaban d\u00edas atr\u00e1s en un m\u00f3vil por la zona realizando tareas de prevenci\u00f3n cuando observaron a un hombre parado en la esquina de las calles Tapalqu\u00e9 y Albari\u00f1o mirando en todas las direcciones con denotada ansiedad. D\u00e9 pronto, un taxi que circulaba delante del veh\u00edculo policial estacion\u00f3 intempestivamente cuando el individuo que estaba sobre la vereda le hizo una se\u00f1a.<br \/>R\u00e1pidamente, el presunto pasajero le entreg\u00f3 una bolsa, pero en ese momento se dio cuenta de la presencia de los oficiales y se dio a la fuga a pie, mientras que el taxista quiso huir, pero no pudo lograrlo.<\/p>\n<p>Los polic\u00edas le solicitaron que descendiera del rodado y entregara su documentaci\u00f3n personal. En ese momento, el sospechoso intent\u00f3 defenderse confesando: \u201cJefe, yo hago el pasamanos nom\u00e1s\u201d.Tras requisar el auto, se encontraron 29 envoltorios de coca\u00edna escondidos en la guantera de la puerta del lado del conductor. La Fiscal\u00eda Penal, Contravencional y de Faltas N\u00famero 40, a cargo del Doctor Michienzi y ante la Secretar\u00eda de la Doctora Kuchenmeister, orden\u00f3 el secuestro de la droga, del veh\u00edculo, de dos celulares, de la suma de tres mil pesos y la detenci\u00f3n y traslado del imputado a la comisar\u00eda de la zona.<\/p>\n","protected":false},"excerpt":{"rendered":"<p>Los efectivos porte\u00f1os circulaban d\u00edas atr\u00e1s en un m\u00f3vil por la zona realizando tareas de prevenci\u00f3n cuando observaron a un hombre parado en la esquina de las calles Tapalqu\u00e9 y Albari\u00f1o mirando en todas las direcciones con denotada ansiedad. D\u00e9 pronto, un taxi que circulaba delante del veh\u00edculo policial estacion\u00f3 intempestivamente cuando el individuo que [&hellip;]<\/p>\n","protected":false},"author":1,"featured_media":792,"comment_status":"open","ping_status":"open","sticky":false,"template":"","format":"standard","meta":{"_et_pb_use_builder":"","_et_pb_old_content":"","_et_gb_content_width":"","footnotes":""},"categories":[11,32],"tags":[],"class_list":["post-791","post","type-post","status-publish","format-standard","has-post-thumbnail","hentry","category-ciudad","category-comunas"],"_links":{"self":[{"href":"https:\/\/vocesdebaires.com.ar\/index.php\/wp-json\/wp\/v2\/posts\/791"}],"collection":[{"href":"https:\/\/vocesdebaires.com.ar\/index.php\/wp-json\/wp\/v2\/posts"}],"about":[{"href":"https:\/\/vocesdebaires.com.ar\/index.php\/wp-json\/wp\/v2\/types\/post"}],"author":[{"embeddable":true,"href":"https:\/\/vocesdebaires.com.ar\/index.php\/wp-json\/wp\/v2\/users\/1"}],"replies":[{"embeddable":true,"href":"https:\/\/vocesdebaires.com.ar\/index.php\/wp-json\/wp\/v2\/comments?post=791"}],"version-history":[{"count":0,"href":"https:\/\/vocesdebaires.com.ar\/index.php\/wp-json\/wp\/v2\/posts\/791\/revisions"}],"wp:featuredmedia":[{"embeddable":true,"href":"https:\/\/vocesdebaires.com.ar\/index.php\/wp-json\/wp\/v2\/media\/792"}],"wp:attachment":[{"href":"https:\/\/vocesdebaires.com.ar\/index.php\/wp-json\/wp\/v2\/media?parent=791"}],"wp:term":[{"taxonomy":"category","embeddable":true,"href":"https:\/\/vocesdebaires.com.ar\/index.php\/wp-json\/wp\/v2\/categories?post=791"},{"taxonomy":"post_tag","embeddable":true,"href":"https:\/\/vocesdebaires.com.ar\/index.php\/wp-json\/wp\/v2\/tags?post=791"}],"curies":[{"name":"wp","href":"https:\/\/api.w.org\/{rel}","templated":true}]}}