{"id":7919,"date":"2017-08-14T03:00:00","date_gmt":"2017-08-14T06:00:00","guid":{"rendered":"http:\/\/vocesdebaires.com.ar\/wordpress\/index.php\/2017\/08\/14\/votacion-ferraro-jefe-de-campana-vamos-juntos\/"},"modified":"2017-08-14T03:00:00","modified_gmt":"2017-08-14T06:00:00","slug":"votacion-ferraro-jefe-de-campana-vamos-juntos","status":"publish","type":"post","link":"https:\/\/vocesdebaires.com.ar\/index.php\/2017\/08\/14\/votacion-ferraro-jefe-de-campana-vamos-juntos\/","title":{"rendered":"Votaci\u00f3n: Ferraro, jefe de campa\u00f1a Vamos Juntos"},"content":{"rendered":"<p>\u00a0<br \/>\nEl legislador porte\u00f1o de la CC ARI y jefe de campa\u00f1a de Vamos Juntos, ayer vot\u00f3 en la escuela Inmaculada Concepci\u00f3n ubicada en la calle Mario Bravo 563.Donde sin emitir ninguna declaraci\u00f3n se designo a pasar por la urna \u00a0y decir\u00a0 hay que espera hasta despu\u00e9s de las 18 hs , para saber como voto la gente.<\/p>\n","protected":false},"excerpt":{"rendered":"<p>\u00a0 El legislador porte\u00f1o de la CC ARI y jefe de campa\u00f1a de Vamos Juntos, ayer vot\u00f3 en la escuela Inmaculada Concepci\u00f3n ubicada en la calle Mario Bravo 563.Donde sin emitir ninguna declaraci\u00f3n se designo a pasar por la urna \u00a0y decir\u00a0 hay que espera hasta despu\u00e9s de las 18 hs , para saber como [&hellip;]<\/p>\n","protected":false},"author":1,"featured_media":0,"comment_status":"open","ping_status":"open","sticky":false,"template":"","format":"standard","meta":{"_et_pb_use_builder":"","_et_pb_old_content":"","_et_gb_content_width":"","footnotes":""},"categories":[11,32],"tags":[],"class_list":["post-7919","post","type-post","status-publish","format-standard","hentry","category-ciudad","category-comunas"],"_links":{"self":[{"href":"https:\/\/vocesdebaires.com.ar\/index.php\/wp-json\/wp\/v2\/posts\/7919"}],"collection":[{"href":"https:\/\/vocesdebaires.com.ar\/index.php\/wp-json\/wp\/v2\/posts"}],"about":[{"href":"https:\/\/vocesdebaires.com.ar\/index.php\/wp-json\/wp\/v2\/types\/post"}],"author":[{"embeddable":true,"href":"https:\/\/vocesdebaires.com.ar\/index.php\/wp-json\/wp\/v2\/users\/1"}],"replies":[{"embeddable":true,"href":"https:\/\/vocesdebaires.com.ar\/index.php\/wp-json\/wp\/v2\/comments?post=7919"}],"version-history":[{"count":0,"href":"https:\/\/vocesdebaires.com.ar\/index.php\/wp-json\/wp\/v2\/posts\/7919\/revisions"}],"wp:attachment":[{"href":"https:\/\/vocesdebaires.com.ar\/index.php\/wp-json\/wp\/v2\/media?parent=7919"}],"wp:term":[{"taxonomy":"category","embeddable":true,"href":"https:\/\/vocesdebaires.com.ar\/index.php\/wp-json\/wp\/v2\/categories?post=7919"},{"taxonomy":"post_tag","embeddable":true,"href":"https:\/\/vocesdebaires.com.ar\/index.php\/wp-json\/wp\/v2\/tags?post=7919"}],"curies":[{"name":"wp","href":"https:\/\/api.w.org\/{rel}","templated":true}]}}