{"id":7920,"date":"2017-08-14T03:00:00","date_gmt":"2017-08-14T06:00:00","guid":{"rendered":"http:\/\/vocesdebaires.com.ar\/wordpress\/index.php\/2017\/08\/14\/paso-2017lilita-carrio-arraso-en-capital\/"},"modified":"2017-08-14T03:00:00","modified_gmt":"2017-08-14T06:00:00","slug":"paso-2017lilita-carrio-arraso-en-capital","status":"publish","type":"post","link":"https:\/\/vocesdebaires.com.ar\/index.php\/2017\/08\/14\/paso-2017lilita-carrio-arraso-en-capital\/","title":{"rendered":"PASO 2017:Lilita Carri\u00f3 arras\u00f3 en Capital"},"content":{"rendered":"<p>\u00a0<br \/>\nLa precandidata oficialista obtiene casi la mitad de los votos. Se ha escrutado el 50% de las mesas Con 3523 mesas escrutadas, en la Ciudad Aut\u00f3noma de Buenos Aires los resultados oficiales son: Vamos Juntos 48,32%, Unidad Porte\u00f1a 21,42%, Evoluci\u00f3n 13,27%, Avancemos Hacia Un Pa\u00eds Mejor 4,09%, y el Frente de Izquierda y de los Trabajadores 3,86%.lisa Carri\u00f3 se erige como la gran candidata para octubre en la Ciudad Aut\u00f3noma de Buenos Aires al obtener el 48,25% de los votos, muy por encima de Daniel Filmus (Unidad Porte\u00f1a) quien alcanza el 16,25% de los votos y, por ahora, deja afuera en su interna a Guillermo Moreno quien tiene el 2,93%. Mart\u00edn Lousteau (Evoluci\u00f3n Ciudadana) obtiene el 13,3% de los sufragios y &quot;clasifica&quot; c\u00f3modamente para octubre.<br \/>\nFOTOS: NA<\/p>\n","protected":false},"excerpt":{"rendered":"<p>\u00a0 La precandidata oficialista obtiene casi la mitad de los votos. Se ha escrutado el 50% de las mesas Con 3523 mesas escrutadas, en la Ciudad Aut\u00f3noma de Buenos Aires los resultados oficiales son: Vamos Juntos 48,32%, Unidad Porte\u00f1a 21,42%, Evoluci\u00f3n 13,27%, Avancemos Hacia Un Pa\u00eds Mejor 4,09%, y el Frente de Izquierda y de [&hellip;]<\/p>\n","protected":false},"author":1,"featured_media":0,"comment_status":"open","ping_status":"open","sticky":false,"template":"","format":"standard","meta":{"_et_pb_use_builder":"","_et_pb_old_content":"","_et_gb_content_width":"","footnotes":""},"categories":[11,33],"tags":[],"class_list":["post-7920","post","type-post","status-publish","format-standard","hentry","category-ciudad","category-sociedad-y-cultura-2"],"_links":{"self":[{"href":"https:\/\/vocesdebaires.com.ar\/index.php\/wp-json\/wp\/v2\/posts\/7920"}],"collection":[{"href":"https:\/\/vocesdebaires.com.ar\/index.php\/wp-json\/wp\/v2\/posts"}],"about":[{"href":"https:\/\/vocesdebaires.com.ar\/index.php\/wp-json\/wp\/v2\/types\/post"}],"author":[{"embeddable":true,"href":"https:\/\/vocesdebaires.com.ar\/index.php\/wp-json\/wp\/v2\/users\/1"}],"replies":[{"embeddable":true,"href":"https:\/\/vocesdebaires.com.ar\/index.php\/wp-json\/wp\/v2\/comments?post=7920"}],"version-history":[{"count":0,"href":"https:\/\/vocesdebaires.com.ar\/index.php\/wp-json\/wp\/v2\/posts\/7920\/revisions"}],"wp:attachment":[{"href":"https:\/\/vocesdebaires.com.ar\/index.php\/wp-json\/wp\/v2\/media?parent=7920"}],"wp:term":[{"taxonomy":"category","embeddable":true,"href":"https:\/\/vocesdebaires.com.ar\/index.php\/wp-json\/wp\/v2\/categories?post=7920"},{"taxonomy":"post_tag","embeddable":true,"href":"https:\/\/vocesdebaires.com.ar\/index.php\/wp-json\/wp\/v2\/tags?post=7920"}],"curies":[{"name":"wp","href":"https:\/\/api.w.org\/{rel}","templated":true}]}}