{"id":7924,"date":"2017-08-14T03:00:00","date_gmt":"2017-08-14T06:00:00","guid":{"rendered":"http:\/\/vocesdebaires.com.ar\/wordpress\/index.php\/2017\/08\/14\/agostoinnovaun-lugar-para-mentes-inquietas\/"},"modified":"2017-08-14T03:00:00","modified_gmt":"2017-08-14T06:00:00","slug":"agostoinnovaun-lugar-para-mentes-inquietas","status":"publish","type":"post","link":"https:\/\/vocesdebaires.com.ar\/index.php\/2017\/08\/14\/agostoinnovaun-lugar-para-mentes-inquietas\/","title":{"rendered":"Agosto:Innova,un lugar para mentes inquietas"},"content":{"rendered":"<p>\u00a0<br \/>\nDesde ma\u00f1ana lunes 14 al 18 de agosto se realizar\u00e1 la 5ta edici\u00f3n en el Dorrego. Innova, un lugar para mentes inquietas, abrir\u00e1 sus puertas por 5to. a\u00f1o consecutivo, brindando un espacio de actividades y charlas sobre las nuevas tecnolog\u00edas a docentes y alumnos de escuelas estatales de la Ciudad. Adem\u00e1s, tendr\u00e1 lugar la 51\u00ba Feria de Educaci\u00f3n, Ciencias, Arte y Tecnolog\u00eda donde alumnos de m\u00e1s de 350 establecimientos de todos los niveles presentar\u00e1n los proyectos que desarrollaron en el aula durante el a\u00f1o.<br \/>\nInnova es adem\u00e1s un espacio para sorprenderse, jugar y aprender con la programaci\u00f3n, rob\u00f3tica, impresi\u00f3n 3D, energ\u00edas renovables y mucho m\u00e1s. \u00a1No te lo pierdas! Participan en el evento m\u00e1s de 20.000 alumnos y docentes de m\u00e1s de 500 escuelas estatales y privadas de la Ciudad que experimentan y comparten nuevas formas de aprender. Esta nueva edici\u00f3n de Innova se realizar\u00e1 en el predio el Dorrego, en Zapiola 50, ubicado en el barrio de Colegiales.<\/p>\n","protected":false},"excerpt":{"rendered":"<p>\u00a0 Desde ma\u00f1ana lunes 14 al 18 de agosto se realizar\u00e1 la 5ta edici\u00f3n en el Dorrego. Innova, un lugar para mentes inquietas, abrir\u00e1 sus puertas por 5to. a\u00f1o consecutivo, brindando un espacio de actividades y charlas sobre las nuevas tecnolog\u00edas a docentes y alumnos de escuelas estatales de la Ciudad. Adem\u00e1s, tendr\u00e1 lugar la [&hellip;]<\/p>\n","protected":false},"author":1,"featured_media":0,"comment_status":"open","ping_status":"open","sticky":false,"template":"","format":"standard","meta":{"_et_pb_use_builder":"","_et_pb_old_content":"","_et_gb_content_width":"","footnotes":""},"categories":[11,33],"tags":[],"class_list":["post-7924","post","type-post","status-publish","format-standard","hentry","category-ciudad","category-sociedad-y-cultura-2"],"_links":{"self":[{"href":"https:\/\/vocesdebaires.com.ar\/index.php\/wp-json\/wp\/v2\/posts\/7924"}],"collection":[{"href":"https:\/\/vocesdebaires.com.ar\/index.php\/wp-json\/wp\/v2\/posts"}],"about":[{"href":"https:\/\/vocesdebaires.com.ar\/index.php\/wp-json\/wp\/v2\/types\/post"}],"author":[{"embeddable":true,"href":"https:\/\/vocesdebaires.com.ar\/index.php\/wp-json\/wp\/v2\/users\/1"}],"replies":[{"embeddable":true,"href":"https:\/\/vocesdebaires.com.ar\/index.php\/wp-json\/wp\/v2\/comments?post=7924"}],"version-history":[{"count":0,"href":"https:\/\/vocesdebaires.com.ar\/index.php\/wp-json\/wp\/v2\/posts\/7924\/revisions"}],"wp:attachment":[{"href":"https:\/\/vocesdebaires.com.ar\/index.php\/wp-json\/wp\/v2\/media?parent=7924"}],"wp:term":[{"taxonomy":"category","embeddable":true,"href":"https:\/\/vocesdebaires.com.ar\/index.php\/wp-json\/wp\/v2\/categories?post=7924"},{"taxonomy":"post_tag","embeddable":true,"href":"https:\/\/vocesdebaires.com.ar\/index.php\/wp-json\/wp\/v2\/tags?post=7924"}],"curies":[{"name":"wp","href":"https:\/\/api.w.org\/{rel}","templated":true}]}}