{"id":7926,"date":"2017-08-14T03:00:00","date_gmt":"2017-08-14T06:00:00","guid":{"rendered":"http:\/\/vocesdebaires.com.ar\/wordpress\/index.php\/2017\/08\/14\/la-ciudad-cursos-2017-2-cuatrimestre\/"},"modified":"2017-08-14T03:00:00","modified_gmt":"2017-08-14T06:00:00","slug":"la-ciudad-cursos-2017-2-cuatrimestre","status":"publish","type":"post","link":"https:\/\/vocesdebaires.com.ar\/index.php\/2017\/08\/14\/la-ciudad-cursos-2017-2-cuatrimestre\/","title":{"rendered":"La ciudad: Cursos 2017, 2\u00b0 cuatrimestre"},"content":{"rendered":"<p>\u00a0<br \/>\nLa Legislatura porte\u00f1a, a trav\u00e9s del Instituto Legislativo de Capacitaci\u00f3n Permanente (ILCP) ha dado comienzo al 2\u00b0 cuatrimestre de los Cursos de 2017, gratuitos y abiertos al p\u00fablico en general. 2\u00b0 CUATRIMESTRE 2017.Las actividades se dictar\u00e1n en Av. de Mayo 676\u00a0 3 Piso &#8211; Of. 10.Las vacantes son limitadas y el dictado de los cursos requiere un m\u00ednimo de inscriptos; de lo contrario los mismos ser\u00e1n reprogramados y se dar\u00e1 aviso a los preinscriptos. Para la inscripci\u00f3n se deber\u00e1 completar el Formulario de Inscripci\u00f3n, uno por cada curso que se realice y adjuntar en el mismo fotocopia del DNI. y presentarlo en el horario de 10:00 a 18:00 hs.<br \/>\nCINE E HISTORIA ARGENTINADesde el 15\/08 al 07\/11.Martes de 09:30 a 11:45 hs.Sal\u00f3n I.39 horas c\u00e1tedra.Docentes: Dr. Diego Ceruso \/ Prof. Leandro Molinaro.<br \/>\nRELACIONES DE FAMILIADesde el 15\/08 al 31\/10.Martes de 11:45 a 14:00 hs.Sal\u00f3n II.36 horas c\u00e1tedra.Docente: Dra. Estefan\u00eda Blanco.<br \/>\nMAQUILLAJE TERAP\u00c9UTICO \u2013 NIVEL III \u2013 PRIMERA COMISI\u00d3NDesde el 15\/08 al 17\/10.Martes de 14:00 a 16:15 hs.Sal\u00f3n II.30 horas c\u00e1tedra.Docente: Sra. Alejandra Cuadrado.<br \/>\nHISTORIA DE LA CULTURA ARGENTINA IIDesde el\u00a0 15\/08 al 17\/10.Martes de 16:15 a 18:30 hs.Sal\u00f3n I.30 horas c\u00e1tedra.Docente: Muse\u00f3loga Zulema Ca\u00f1as.<br \/>\nDERECHO PARLAMENTARIODesde el\u00a0 15\/08 al 26\/09.Martes de 16:15 a 18:30 hs.Sal\u00f3n II.21 horas c\u00e1tedra.Docente: Dr. Federico Romani.<br \/>\nT\u00c9CNICA LEGISLATIVA \u2013 NIVEL IIDesde el 16\/08 al 18\/10.Mi\u00e9rcoles de 09:30 a 11:45 hs.Sal\u00f3n I.30 horas c\u00e1tedra.Docente: Dr. H\u00e9ctor P\u00e9rez Bourb\u00f3n.<br \/>\nITALIANO \u2013 NIVEL IIDesde el 16\/08 al 08\/11.Mi\u00e9rcoles de 09:30 a 11:45 hs.Sal\u00f3n II.39 horas c\u00e1tedra.Docente: Sra. Ingrid Gabriela Mrhal.<br \/>\nSECRETARIADO EJECUTIVO \u2013 PRIMERA COMISI\u00d3NDesde el\u00a0 16\/08\u00a0 al 01\/11.Mi\u00e9rcoles de 11:45 a 14:00 hs.Sal\u00f3n II.36 horas c\u00e1tedra.Docente: Dra. Estefan\u00eda E. Blanco.<br \/>\nPREVENCI\u00d3N DE LAS ADICCIONES EN EL \u00c1MBITO LABORALDesde el\u00a0 16\/08 al 18\/10.Mi\u00e9rcoles de 14:00 a 16:15 hs.Sal\u00f3n I.30 horas c\u00e1tedra.Docentes: Equipo de Profesionales Multidisciplinarios.<br \/>\nMAQUILLAJE TERAP\u00c9UTICO \u2013 NIVEL I \u2013 PRIMERA COMISI\u00d3N\u00a0 Desde el 16\/08 al 18\/10.Mi\u00e9rcoles de 14:00 a 16:15 hs.Sal\u00f3n II.30 horas c\u00e1tedra.Docentes: Sra. Lorena Gabriela Joteff\/ Sra. Claudia \u00c9boli.<br \/>\nEL ARTE DE ESCUCHAR IIDesde el\u00a0 16\/08\u00a0 al 01\/11.Mi\u00e9rcoles de 16:15 a 18:30 hs.Sal\u00f3n I.36 horas c\u00e1tedra.Docente: M\u00fasico Ignacio Manzo.<br \/>\nVISITAS GUIADASDesde el\u00a0 16\/08\u00a0 al 18\/10.Mi\u00e9rcoles de 16:15 a 18:30 hs.Sal\u00f3n II.30 horas c\u00e1tedra.Docente: Sra. Nora Filgueras.<br \/>\nSALUD &#8211; PROCEDIMIENTO EN LA URGENCIA\u00a0 Desde el 17\/08 al 02\/11.Jueves de 14:00 a 16:15 hs.Sal\u00f3n I.36 horas c\u00e1tedra.Docente: Dr. Alejandro \u00c9boli \/ Dr. Gustavo Flageat.<br \/>\nESTUDIO ONE WEB &#8211; SISTEMA BEJERMAN \u2013 PRIMERA COMISI\u00d3NDesde el 17\/08 al 19\/10.Jueves de 16:15 a 18:30 hs.Sal\u00f3n II.30 horas c\u00e1tedra.Docente: Gabriel L\u00f3pez Calleri.<br \/>\nINGL\u00c9S \u2013 NIVEL IIDesde el 18\/08 al 06\/10.Viernes de 11:45 a 14:00 hs.Sal\u00f3n II.39 horas c\u00e1tedra.Docente: Sra. Silvia J\u00faarez Agoglio.<br \/>\nINGL\u00c9S \u2013 NIVEL IVDesde el 18\/08 al 06\/10.Viernes de 14:00 a 16:15 hs.Sal\u00f3n II.39 horas c\u00e1tedra.Docente: Sra. Silvia J\u00faarez Agoglio.<br \/>\nMARKETING DIGITAL &#8211; TERCERA COMISI\u00d3N\u00a0 Desde el 22\/08 al 03\/10.Martes de 11:45 a 14:00 hs.Sal\u00f3n III.21 horas c\u00e1tedra.Docente: Lic. Fernando Famulari Rousseau.<br \/>\n\u00a0<br \/>\nFormulario hacer clic : <a href=\"http:\/\/www.legislatura.gov.ar\/noti_ver.php?ver&quot;&gt;http:\/\/www.legislatura.gov.ar\/noti_ver.php?ver<\/a><\/p>\n","protected":false},"excerpt":{"rendered":"<p>\u00a0 La Legislatura porte\u00f1a, a trav\u00e9s del Instituto Legislativo de Capacitaci\u00f3n Permanente (ILCP) ha dado comienzo al 2\u00b0 cuatrimestre de los Cursos de 2017, gratuitos y abiertos al p\u00fablico en general. 2\u00b0 CUATRIMESTRE 2017.Las actividades se dictar\u00e1n en Av. de Mayo 676\u00a0 3 Piso &#8211; Of. 10.Las vacantes son limitadas y el dictado de los [&hellip;]<\/p>\n","protected":false},"author":1,"featured_media":0,"comment_status":"open","ping_status":"open","sticky":false,"template":"","format":"standard","meta":{"_et_pb_use_builder":"","_et_pb_old_content":"","_et_gb_content_width":"","footnotes":""},"categories":[11,33],"tags":[],"class_list":["post-7926","post","type-post","status-publish","format-standard","hentry","category-ciudad","category-sociedad-y-cultura-2"],"_links":{"self":[{"href":"https:\/\/vocesdebaires.com.ar\/index.php\/wp-json\/wp\/v2\/posts\/7926"}],"collection":[{"href":"https:\/\/vocesdebaires.com.ar\/index.php\/wp-json\/wp\/v2\/posts"}],"about":[{"href":"https:\/\/vocesdebaires.com.ar\/index.php\/wp-json\/wp\/v2\/types\/post"}],"author":[{"embeddable":true,"href":"https:\/\/vocesdebaires.com.ar\/index.php\/wp-json\/wp\/v2\/users\/1"}],"replies":[{"embeddable":true,"href":"https:\/\/vocesdebaires.com.ar\/index.php\/wp-json\/wp\/v2\/comments?post=7926"}],"version-history":[{"count":0,"href":"https:\/\/vocesdebaires.com.ar\/index.php\/wp-json\/wp\/v2\/posts\/7926\/revisions"}],"wp:attachment":[{"href":"https:\/\/vocesdebaires.com.ar\/index.php\/wp-json\/wp\/v2\/media?parent=7926"}],"wp:term":[{"taxonomy":"category","embeddable":true,"href":"https:\/\/vocesdebaires.com.ar\/index.php\/wp-json\/wp\/v2\/categories?post=7926"},{"taxonomy":"post_tag","embeddable":true,"href":"https:\/\/vocesdebaires.com.ar\/index.php\/wp-json\/wp\/v2\/tags?post=7926"}],"curies":[{"name":"wp","href":"https:\/\/api.w.org\/{rel}","templated":true}]}}