{"id":7928,"date":"2017-08-11T03:00:00","date_gmt":"2017-08-11T06:00:00","guid":{"rendered":"http:\/\/vocesdebaires.com.ar\/wordpress\/index.php\/2017\/08\/11\/agosto-barrios-portenos-abren-sus-puertas\/"},"modified":"2017-08-11T03:00:00","modified_gmt":"2017-08-11T06:00:00","slug":"agosto-barrios-portenos-abren-sus-puertas","status":"publish","type":"post","link":"https:\/\/vocesdebaires.com.ar\/index.php\/2017\/08\/11\/agosto-barrios-portenos-abren-sus-puertas\/","title":{"rendered":"Agosto: Barrios Porte\u00f1os abren sus puertas"},"content":{"rendered":"<p>\u00a0<br \/>\nLa Ciudad presenta una propuesta que combina turismo y difusi\u00f3n del patrimonio hist\u00f3rico. Del Matadero Sur al actual Parque de los Patricios<br \/>\nViernes 18 de agosto. 15:00 hs.Duraci\u00f3n: 60 minutosUna charla en el templete del ex Zool\u00f3gico del SurCupo: 40 personasEncuentro: Av. Caseros y Av. AlmafuerteCoordinan: Sandra Condoleo y Mart\u00edn Pi de la Serra.<br \/>\nEl camino de la historietaJueves 24 de agosto. 11:00 hs.Duraci\u00f3n: 90 minutosUn recorrido, personaje por personaje, por el paseo de la historietaCupo: 40 personasEncuentro: Chile y DefensaCoordinan: Marcelo Bukavec y Claudia Guebel.<br \/>\nLos Misterios de la calle larga en BarracasJueves 24 de agosto. 14:00 hs.Duraci\u00f3n: 60 minutosLa casa de los leones, Bagley, Pasaje Europa, Plaza Colombia, Santa Felicitas.Cupo: 40 personasEncuentro: Av. Montes de Oca y Av. CaserosCoordinan: Jos\u00e9 Mar\u00eda Gonz\u00e1lez Losada y Maria In\u00e9s Rosa Diez.<br \/>\nSaavedra, el Parque, el Barrio y la HistoriaViernes 25 de agosto. 11:00 hs.Duraci\u00f3n: 60 minutosRecorrido por una urbanizaci\u00f3n modeloCupo: 20 personasEncuentro: Parroquia San Juan Bautista el Precursor. Rogelio Yrurtia 5923Coordinan: Enrique Robira, Irma Cancio y Marisa Ferreyra.<br \/>\n\u201cLa Isla\u201d, El Barrio de las escalinatas. Ex quinta Hale, Monumento a Bartolom\u00e9 Mitre.Martes 29 de agosto. 11:00 hs.Duraci\u00f3n: 60 minutosCupo: 30 personasEncuentro: Av. Figueroa Alcorta y Tagle, vereda de la TV P\u00fablica.Coordinan: Marcelo Bukavec e Irma Cancio.<br \/>\nInscripci\u00f3n<br \/>\nTelef\u00f3nica \u00fanicamente el martes 15 y mi\u00e9rcoles 16 de agosto de 12:00 a 15:00, al 4304-9113Correo electr\u00f3nico a <a href=\"mailto:barrios_gopat@buenosaires.gob.ar&quot;&gt;barrios_gopat@buenosaires.gob.ar<\/a><\/p>\n","protected":false},"excerpt":{"rendered":"<p>\u00a0 La Ciudad presenta una propuesta que combina turismo y difusi\u00f3n del patrimonio hist\u00f3rico. Del Matadero Sur al actual Parque de los Patricios Viernes 18 de agosto. 15:00 hs.Duraci\u00f3n: 60 minutosUna charla en el templete del ex Zool\u00f3gico del SurCupo: 40 personasEncuentro: Av. Caseros y Av. AlmafuerteCoordinan: Sandra Condoleo y Mart\u00edn Pi de la Serra. [&hellip;]<\/p>\n","protected":false},"author":1,"featured_media":7929,"comment_status":"open","ping_status":"open","sticky":false,"template":"","format":"standard","meta":{"_et_pb_use_builder":"","_et_pb_old_content":"","_et_gb_content_width":"","footnotes":""},"categories":[11,32],"tags":[],"class_list":["post-7928","post","type-post","status-publish","format-standard","has-post-thumbnail","hentry","category-ciudad","category-comunas"],"_links":{"self":[{"href":"https:\/\/vocesdebaires.com.ar\/index.php\/wp-json\/wp\/v2\/posts\/7928"}],"collection":[{"href":"https:\/\/vocesdebaires.com.ar\/index.php\/wp-json\/wp\/v2\/posts"}],"about":[{"href":"https:\/\/vocesdebaires.com.ar\/index.php\/wp-json\/wp\/v2\/types\/post"}],"author":[{"embeddable":true,"href":"https:\/\/vocesdebaires.com.ar\/index.php\/wp-json\/wp\/v2\/users\/1"}],"replies":[{"embeddable":true,"href":"https:\/\/vocesdebaires.com.ar\/index.php\/wp-json\/wp\/v2\/comments?post=7928"}],"version-history":[{"count":0,"href":"https:\/\/vocesdebaires.com.ar\/index.php\/wp-json\/wp\/v2\/posts\/7928\/revisions"}],"wp:featuredmedia":[{"embeddable":true,"href":"https:\/\/vocesdebaires.com.ar\/index.php\/wp-json\/wp\/v2\/media\/7929"}],"wp:attachment":[{"href":"https:\/\/vocesdebaires.com.ar\/index.php\/wp-json\/wp\/v2\/media?parent=7928"}],"wp:term":[{"taxonomy":"category","embeddable":true,"href":"https:\/\/vocesdebaires.com.ar\/index.php\/wp-json\/wp\/v2\/categories?post=7928"},{"taxonomy":"post_tag","embeddable":true,"href":"https:\/\/vocesdebaires.com.ar\/index.php\/wp-json\/wp\/v2\/tags?post=7928"}],"curies":[{"name":"wp","href":"https:\/\/api.w.org\/{rel}","templated":true}]}}