{"id":793,"date":"2020-04-20T03:00:00","date_gmt":"2020-04-20T06:00:00","guid":{"rendered":"http:\/\/vocesdebaires.com.ar\/wordpress\/index.php\/2020\/04\/20\/santilli-visito-un-taller-donde-reparan-patrulleros\/"},"modified":"2020-04-20T03:00:00","modified_gmt":"2020-04-20T06:00:00","slug":"santilli-visito-un-taller-donde-reparan-patrulleros","status":"publish","type":"post","link":"https:\/\/vocesdebaires.com.ar\/index.php\/2020\/04\/20\/santilli-visito-un-taller-donde-reparan-patrulleros\/","title":{"rendered":"Santilli visit\u00f3 un taller donde reparan patrulleros"},"content":{"rendered":"<p>Los talleres mec\u00e1nicos, las gomer\u00edas y casas de repuestos fueron habilitados a trabajar desde el lunes 13, luego de la publicaci\u00f3n en el Bolet\u00edn Oficial de la Decisi\u00f3n Administrativa 490\/2020, que ampli\u00f3 la cantidad de servicios exentos del aislamiento. La Polic\u00eda de la Ciudad posee 912 patrulleros que est\u00e1n las 24 horas recorriendo las calles de la Ciudad, lo que genera un gran desgaste del parque automotor. Para ello hay una red de m\u00e1s de 80 talleres y gomer\u00edas distribuidas por toda la Ciudad que atienden y reparan las unidades.<\/p>\n<p>La apertura de las actividades de los talleres mec\u00e1nicos fue vital para volver a poner en funcionamiento patrullas que hab\u00edan quedado paradas por desperfectos mec\u00e1nicos o choques. \u201cEn este taller mec\u00e1nico, como en otros, se reparan y dan mantenimiento a ambulancias, patrulleros y m\u00f3viles asistenciales para atender r\u00e1pidamente las necesidades de los vecinos en este momento tan dif\u00edcil\u201d, sostuvo Santilli, quien estuvo acompa\u00f1ado por el subsecretario de Gesti\u00f3n Administrativa, Diego P\u00e9rez. Santilli agradeci\u00f3 a \u201cquienes d\u00eda a d\u00eda trabajan para poder poner en la calle a los patrulleros que transitan las calles de la Ciudad y cuidan a los vecinos\u201d.<\/p>\n","protected":false},"excerpt":{"rendered":"<p>Los talleres mec\u00e1nicos, las gomer\u00edas y casas de repuestos fueron habilitados a trabajar desde el lunes 13, luego de la publicaci\u00f3n en el Bolet\u00edn Oficial de la Decisi\u00f3n Administrativa 490\/2020, que ampli\u00f3 la cantidad de servicios exentos del aislamiento. La Polic\u00eda de la Ciudad posee 912 patrulleros que est\u00e1n las 24 horas recorriendo las calles [&hellip;]<\/p>\n","protected":false},"author":1,"featured_media":794,"comment_status":"open","ping_status":"open","sticky":false,"template":"","format":"standard","meta":{"_et_pb_use_builder":"","_et_pb_old_content":"","_et_gb_content_width":"","footnotes":""},"categories":[11,33],"tags":[],"class_list":["post-793","post","type-post","status-publish","format-standard","has-post-thumbnail","hentry","category-ciudad","category-sociedad-y-cultura-2"],"_links":{"self":[{"href":"https:\/\/vocesdebaires.com.ar\/index.php\/wp-json\/wp\/v2\/posts\/793"}],"collection":[{"href":"https:\/\/vocesdebaires.com.ar\/index.php\/wp-json\/wp\/v2\/posts"}],"about":[{"href":"https:\/\/vocesdebaires.com.ar\/index.php\/wp-json\/wp\/v2\/types\/post"}],"author":[{"embeddable":true,"href":"https:\/\/vocesdebaires.com.ar\/index.php\/wp-json\/wp\/v2\/users\/1"}],"replies":[{"embeddable":true,"href":"https:\/\/vocesdebaires.com.ar\/index.php\/wp-json\/wp\/v2\/comments?post=793"}],"version-history":[{"count":0,"href":"https:\/\/vocesdebaires.com.ar\/index.php\/wp-json\/wp\/v2\/posts\/793\/revisions"}],"wp:featuredmedia":[{"embeddable":true,"href":"https:\/\/vocesdebaires.com.ar\/index.php\/wp-json\/wp\/v2\/media\/794"}],"wp:attachment":[{"href":"https:\/\/vocesdebaires.com.ar\/index.php\/wp-json\/wp\/v2\/media?parent=793"}],"wp:term":[{"taxonomy":"category","embeddable":true,"href":"https:\/\/vocesdebaires.com.ar\/index.php\/wp-json\/wp\/v2\/categories?post=793"},{"taxonomy":"post_tag","embeddable":true,"href":"https:\/\/vocesdebaires.com.ar\/index.php\/wp-json\/wp\/v2\/tags?post=793"}],"curies":[{"name":"wp","href":"https:\/\/api.w.org\/{rel}","templated":true}]}}