{"id":7930,"date":"2017-08-11T03:00:00","date_gmt":"2017-08-11T06:00:00","guid":{"rendered":"http:\/\/vocesdebaires.com.ar\/wordpress\/index.php\/2017\/08\/11\/ciudad-hallazgo-arqueologico-en-belgrano\/"},"modified":"2017-08-11T03:00:00","modified_gmt":"2017-08-11T06:00:00","slug":"ciudad-hallazgo-arqueologico-en-belgrano","status":"publish","type":"post","link":"https:\/\/vocesdebaires.com.ar\/index.php\/2017\/08\/11\/ciudad-hallazgo-arqueologico-en-belgrano\/","title":{"rendered":"Ciudad: Hallazgo arqueol\u00f3gico en Belgrano"},"content":{"rendered":"<p>\u00a0<br \/>\nEl equipo de arqueolog\u00eda de la Gerencia Operativa Patrimonio dependiente de la Direcci\u00f3n General Patrimonio, Museos y Casco Hist\u00f3rico, encontr\u00f3 restos de utensilios y alimentos donde en el siglo XVIII hubo un oratorio de los monjes franciscanos.La puesta en valor del paseo p\u00fablico Barrancas de Belgrano, llev\u00f3 a nuestro equipo de expertos a realizar una serie de trabajos de \u00edndole arqueol\u00f3gico en las intersecciones de las calles La Pampa y Arribe\u00f1os, lugar en que se ubicaron durante gran parte del siglo XVIII la \u201cCapilla de los Franciscanos\u201d u \u201cOratorio de la Calera\u201d, entre 1825 y 1834 la Iglesia parroquial de Santos Lugares, y entre 1856 y 1874 hasta la inauguraci\u00f3n de su actual edificio, la Iglesia de la Inmaculada Concepci\u00f3n de Belgrano.<br \/>\nSe trata del sitio arqueol\u00f3gico m\u00e1s antiguo de la zona.<br \/>\nLa orden franciscana ten\u00eda a su cargo la extracci\u00f3n de piedras de cal de conchillas y arena utilizadas en alba\u00f1iler\u00eda, revoques y construcciones, constituyendo este sitio en virtud a estas actividades, uno de los puntos fundacionales del actual barrio de Belgrano. Uno de los primeros hallazgos, fue una estructura de ladrillos que corresponde a un antiguo pozo de per\u00edmetro oval, cercano al talud sobre la calle La Pampa, all\u00ed se encontr\u00f3 un conjunto muy amplio, diverso y bien conservado de materiales culturales, producto del descarte de objetos utilizados cotidianamente en el pasado.<br \/>\nSi bien con el avance de la investigaci\u00f3n se redefinir\u00e1 la dataci\u00f3n del conjunto, ya es posible afirmar que la gran mayor\u00eda de los objetos recuperados hasta el momento corresponder\u00eda a fines del siglo XVIII y principios del XIX. Una moneda espa\u00f1ola acu\u00f1ada en Potos\u00ed en 1797 confirmar\u00eda las dataciones.  Entre los materiales recolectados se destacan piezas de vajilla de loza inglesa, may\u00f3lica espa\u00f1ola y francesa, porcelana oriental, ollas y dem\u00e1s recipientes de terracota de producci\u00f3n europea y regional, botones de hueso, vasos de vidrio soplado con decoraciones grabadas, botellas de bebidas alcoh\u00f3licas, frascos, cuentas de vidrio, una botija espa\u00f1ola de uso mercantil, restos \u00f3seos producto de la dieta humana (peces, aves y mam\u00edferos dom\u00e9sticos), entre otros varios.<br \/>\nTomados en su conjunto, estos materiales nos hablan sobre la existencia de materiales pertenecientes a habitantes con alto poder adquisitivo de la sociedad virreinal y colonial porte\u00f1a. Por la informaci\u00f3n recabada se puede decir que las familias pudientes les donaban vajilla y otras pertenencias de uso diario a los monjes. Estos materiales nos hablan sobre la existencia de materiales pertenecientes a habitantes con alto poder adquisitivo de la sociedad virreinal y colonial porte\u00f1a.Hasta el momento, las excavaciones en el pozo alcanzaron una profundidad de 1,70 m, aunque considerando que esta clase de estructuras puede alcanzar los 8 m, es de esperarse que a medida que avancen las tareas de campo, los hallazgos se multipliquen.<br \/>\nA pesar de su rica historia, Belgrano no cuenta con demasiados antecedentes arqueol\u00f3gicos, y con ninguno tan antiguo como este, por ello estos descubrimientos suman una gran cantidad de informaci\u00f3n respecto del momento fundacional del barrio y la vida cotidiana de quienes de alguna manera impulsaron su desarrollo urbano.Se espera en una segunda etapa, proseguir con exploraciones en las cercan\u00edas del pozo, orientadas a localizar m\u00e1s estructuras relacionadas con la antigua Capilla, incluidas las propias estructuras de este desaparecido edificio.<\/p>\n","protected":false},"excerpt":{"rendered":"<p>\u00a0 El equipo de arqueolog\u00eda de la Gerencia Operativa Patrimonio dependiente de la Direcci\u00f3n General Patrimonio, Museos y Casco Hist\u00f3rico, encontr\u00f3 restos de utensilios y alimentos donde en el siglo XVIII hubo un oratorio de los monjes franciscanos.La puesta en valor del paseo p\u00fablico Barrancas de Belgrano, llev\u00f3 a nuestro equipo de expertos a realizar [&hellip;]<\/p>\n","protected":false},"author":1,"featured_media":7931,"comment_status":"open","ping_status":"open","sticky":false,"template":"","format":"standard","meta":{"_et_pb_use_builder":"","_et_pb_old_content":"","_et_gb_content_width":"","footnotes":""},"categories":[11,32],"tags":[],"class_list":["post-7930","post","type-post","status-publish","format-standard","has-post-thumbnail","hentry","category-ciudad","category-comunas"],"_links":{"self":[{"href":"https:\/\/vocesdebaires.com.ar\/index.php\/wp-json\/wp\/v2\/posts\/7930"}],"collection":[{"href":"https:\/\/vocesdebaires.com.ar\/index.php\/wp-json\/wp\/v2\/posts"}],"about":[{"href":"https:\/\/vocesdebaires.com.ar\/index.php\/wp-json\/wp\/v2\/types\/post"}],"author":[{"embeddable":true,"href":"https:\/\/vocesdebaires.com.ar\/index.php\/wp-json\/wp\/v2\/users\/1"}],"replies":[{"embeddable":true,"href":"https:\/\/vocesdebaires.com.ar\/index.php\/wp-json\/wp\/v2\/comments?post=7930"}],"version-history":[{"count":0,"href":"https:\/\/vocesdebaires.com.ar\/index.php\/wp-json\/wp\/v2\/posts\/7930\/revisions"}],"wp:featuredmedia":[{"embeddable":true,"href":"https:\/\/vocesdebaires.com.ar\/index.php\/wp-json\/wp\/v2\/media\/7931"}],"wp:attachment":[{"href":"https:\/\/vocesdebaires.com.ar\/index.php\/wp-json\/wp\/v2\/media?parent=7930"}],"wp:term":[{"taxonomy":"category","embeddable":true,"href":"https:\/\/vocesdebaires.com.ar\/index.php\/wp-json\/wp\/v2\/categories?post=7930"},{"taxonomy":"post_tag","embeddable":true,"href":"https:\/\/vocesdebaires.com.ar\/index.php\/wp-json\/wp\/v2\/tags?post=7930"}],"curies":[{"name":"wp","href":"https:\/\/api.w.org\/{rel}","templated":true}]}}