{"id":7938,"date":"2017-08-11T03:00:00","date_gmt":"2017-08-11T06:00:00","guid":{"rendered":"http:\/\/vocesdebaires.com.ar\/wordpress\/index.php\/2017\/08\/11\/cursos-a-djs-vjs-productores-y-aficionados\/"},"modified":"2017-08-11T03:00:00","modified_gmt":"2017-08-11T06:00:00","slug":"cursos-a-djs-vjs-productores-y-aficionados","status":"publish","type":"post","link":"https:\/\/vocesdebaires.com.ar\/index.php\/2017\/08\/11\/cursos-a-djs-vjs-productores-y-aficionados\/","title":{"rendered":"Cursos  a DJs, VJs, productores y aficionados"},"content":{"rendered":"<p>\u00a0<br \/>\nEl espacio permanente Sonido y Arte Digital ofrece todos los fines de semana talleres a cargo de talentosos m\u00fasicos y especialistas, dirigidos a DJs, VJs, productores, aficionados y todos los que experimentan con el audio y el video digital.En la sala 503 (audio), Leandro Fr\u00edas brinda dos workshops dedicados a transmitir los fundamentos acerca del management, la producci\u00f3n, la comunicaci\u00f3n y la prensa de un proyecto art\u00edstico. Por su parte, los m\u00fasicos y especialistas Lucas Romeo, Pablo Gil y Ernesto Romeo (del grupo Klauss) contin\u00faan con su curso sobre sintetizadores cl\u00e1sicos, y demuestran las guitarras-sintetizadores de Roland e Ibanez e instrumentos de Oberheim (SEM, OB Xa y Xpander), Yamaha (DX1, DX7, TX8-16 y DX11) y Korg (PS3300, PS3100 y Lambda).<br \/>\nEn la sala 504 (video), los s\u00e1bados el artista visual Diego Scagni se dedica a explorar las posibilidades de procesamiento digital de fuentes anal\u00f3gicas; y los domingos, el dise\u00f1ador y VJ Ramiro Quartz ofrece un curso sobre el software Modul8, la popular aplicaci\u00f3n para MacOS X dise\u00f1ada para la mezcla y composici\u00f3n de video en tiempo real. La participaci\u00f3n en los talleres es gratuita y no requiere reserva previa de entradas. Se accede por orden de llegada, hasta colmar la capacidad de las salas.<br \/>\nAgenda de talleres y charlas<br \/>\nLive input: procesamiento digital de fuentes anal\u00f3gicas, por Diego ScagniS\u00e1bados 12, 19 y 26 de agosto, 18h &#8211; Sala 504Se explorar\u00e1n modos alternativos para componer imagen en vivo a partir del uso de materiales reales (como fotograf\u00edas, objetos, etc\u00e9tera), los cuales ser\u00e1n digitalizados y procesados en tiempo real, con el objetivo de obtener una imagen proyectada de gran impacto visual y fluidez.<br \/>\nTaller de Modul8, por Ramiro QuartzDomingos 20, 27 de agosto y s\u00e1bado 2 de septiembre, 18h &#8211; Sala 504Cuatro clases sobre el popular software dise\u00f1ado para la mezcla y composici\u00f3n de video en tiempo real que ha significado un gran impulso para el crecimiento de la escena VJ por su facilidad de uso y sus prestaciones.<br \/>\nSeminario: prensa y comunicaci\u00f3n de proyectos musicales, por Leandro Fr\u00edasS\u00e1bados 12 de agosto, 18h &#8211; Sala 503El promotor y comunicador disertar\u00e1 sobre el rol de las acciones de prensa y comunicaci\u00f3n en el mundo de la m\u00fasica y compartir\u00e1 sus experiencias y savoir faire, a la vez que brindar\u00e1 las principales herramientas de trabajo y ensayar estrategias relacionadas con el territorio.<br \/>\nSeminario: management y producci\u00f3n de proyectos musicales, por Leandro Fr\u00edasS\u00e1bados 19 y 26 de agosto, 18h &#8211; Sala 503El programador, promotor y comunicador propone un seminario donde compartir\u00e1 sus experiencias, conocimientos y filosof\u00eda de trabajo en torno al management y la producci\u00f3n, adem\u00e1s de compartir los pasos a seguir que ayudan a la profesionalizaci\u00f3n de proyectos.<br \/>\nSintetizadores cl\u00e1sicos: Oberheim, por Ernesto RomeoDomingo 20 de agosto, 18h &#8211; Sala 503El especialista repasa la historia de la marca Oberheim y demuestra los modelos SEM, OB Xa y Xpander.<br \/>\nSintetizadores cl\u00e1sicos: s\u00edntesis FM y Yamaha DX, por Ernesto RomeoDomingo 27 de agosto, 18h &#8211; Sala 503El m\u00fasico y especialista ense\u00f1ar\u00e1 acerca los fundamentos de la s\u00edntesis FM (s\u00edntesis por modulaci\u00f3n de frecuencias) y presenta la l\u00ednea DX de Yamaha: DX1, DX7, TX8-16 y DX11.<\/p>\n","protected":false},"excerpt":{"rendered":"<p>\u00a0 El espacio permanente Sonido y Arte Digital ofrece todos los fines de semana talleres a cargo de talentosos m\u00fasicos y especialistas, dirigidos a DJs, VJs, productores, aficionados y todos los que experimentan con el audio y el video digital.En la sala 503 (audio), Leandro Fr\u00edas brinda dos workshops dedicados a transmitir los fundamentos acerca [&hellip;]<\/p>\n","protected":false},"author":1,"featured_media":7939,"comment_status":"open","ping_status":"open","sticky":false,"template":"","format":"standard","meta":{"_et_pb_use_builder":"","_et_pb_old_content":"","_et_gb_content_width":"","footnotes":""},"categories":[11,33],"tags":[],"class_list":["post-7938","post","type-post","status-publish","format-standard","has-post-thumbnail","hentry","category-ciudad","category-sociedad-y-cultura-2"],"_links":{"self":[{"href":"https:\/\/vocesdebaires.com.ar\/index.php\/wp-json\/wp\/v2\/posts\/7938"}],"collection":[{"href":"https:\/\/vocesdebaires.com.ar\/index.php\/wp-json\/wp\/v2\/posts"}],"about":[{"href":"https:\/\/vocesdebaires.com.ar\/index.php\/wp-json\/wp\/v2\/types\/post"}],"author":[{"embeddable":true,"href":"https:\/\/vocesdebaires.com.ar\/index.php\/wp-json\/wp\/v2\/users\/1"}],"replies":[{"embeddable":true,"href":"https:\/\/vocesdebaires.com.ar\/index.php\/wp-json\/wp\/v2\/comments?post=7938"}],"version-history":[{"count":0,"href":"https:\/\/vocesdebaires.com.ar\/index.php\/wp-json\/wp\/v2\/posts\/7938\/revisions"}],"wp:featuredmedia":[{"embeddable":true,"href":"https:\/\/vocesdebaires.com.ar\/index.php\/wp-json\/wp\/v2\/media\/7939"}],"wp:attachment":[{"href":"https:\/\/vocesdebaires.com.ar\/index.php\/wp-json\/wp\/v2\/media?parent=7938"}],"wp:term":[{"taxonomy":"category","embeddable":true,"href":"https:\/\/vocesdebaires.com.ar\/index.php\/wp-json\/wp\/v2\/categories?post=7938"},{"taxonomy":"post_tag","embeddable":true,"href":"https:\/\/vocesdebaires.com.ar\/index.php\/wp-json\/wp\/v2\/tags?post=7938"}],"curies":[{"name":"wp","href":"https:\/\/api.w.org\/{rel}","templated":true}]}}