{"id":7940,"date":"2017-08-11T03:00:00","date_gmt":"2017-08-11T06:00:00","guid":{"rendered":"http:\/\/vocesdebaires.com.ar\/wordpress\/index.php\/2017\/08\/11\/larreta-improviso-una-reunion-con-vecinos\/"},"modified":"2017-08-11T03:00:00","modified_gmt":"2017-08-11T06:00:00","slug":"larreta-improviso-una-reunion-con-vecinos","status":"publish","type":"post","link":"https:\/\/vocesdebaires.com.ar\/index.php\/2017\/08\/11\/larreta-improviso-una-reunion-con-vecinos\/","title":{"rendered":"Larreta improviso una reuni\u00f3n  con vecinos"},"content":{"rendered":"<p>\u00a0<br \/>\nEl jefe de Gobierno porte\u00f1o, Horacio Rodr\u00edguez Larreta, junto al primer candidato a legislador porte\u00f1o de Vamos Juntos, Andy Freire; los jefes de campa\u00f1a, Diego Santilli y Maximiliano Ferraro, y los candidatos a diputados y legisladores, mantuvieron ayer un encuentro con vecinos del barrio de Belgrano y los animo a ir a votar el domingo.Larreta resalt\u00f3 tambi\u00e9n que es &quot;muy importante que vayan todos a votar&quot; y dijo que est\u00e1 &quot;muy entusiasmado porque la gente apoya el trabajo en la Ciudad, apoya a Mauricio, la quiere a Lilita&quot;. &quot;Siento que estamos muy bien. Es muy importante cada voto y que suma y puede ser un diputado m\u00e1s en el Congreso y en la Legislatura de la Ciudad&quot;.<\/p>\n","protected":false},"excerpt":{"rendered":"<p>\u00a0 El jefe de Gobierno porte\u00f1o, Horacio Rodr\u00edguez Larreta, junto al primer candidato a legislador porte\u00f1o de Vamos Juntos, Andy Freire; los jefes de campa\u00f1a, Diego Santilli y Maximiliano Ferraro, y los candidatos a diputados y legisladores, mantuvieron ayer un encuentro con vecinos del barrio de Belgrano y los animo a ir a votar el [&hellip;]<\/p>\n","protected":false},"author":1,"featured_media":7941,"comment_status":"open","ping_status":"open","sticky":false,"template":"","format":"standard","meta":{"_et_pb_use_builder":"","_et_pb_old_content":"","_et_gb_content_width":"","footnotes":""},"categories":[11,33],"tags":[],"class_list":["post-7940","post","type-post","status-publish","format-standard","has-post-thumbnail","hentry","category-ciudad","category-sociedad-y-cultura-2"],"_links":{"self":[{"href":"https:\/\/vocesdebaires.com.ar\/index.php\/wp-json\/wp\/v2\/posts\/7940"}],"collection":[{"href":"https:\/\/vocesdebaires.com.ar\/index.php\/wp-json\/wp\/v2\/posts"}],"about":[{"href":"https:\/\/vocesdebaires.com.ar\/index.php\/wp-json\/wp\/v2\/types\/post"}],"author":[{"embeddable":true,"href":"https:\/\/vocesdebaires.com.ar\/index.php\/wp-json\/wp\/v2\/users\/1"}],"replies":[{"embeddable":true,"href":"https:\/\/vocesdebaires.com.ar\/index.php\/wp-json\/wp\/v2\/comments?post=7940"}],"version-history":[{"count":0,"href":"https:\/\/vocesdebaires.com.ar\/index.php\/wp-json\/wp\/v2\/posts\/7940\/revisions"}],"wp:featuredmedia":[{"embeddable":true,"href":"https:\/\/vocesdebaires.com.ar\/index.php\/wp-json\/wp\/v2\/media\/7941"}],"wp:attachment":[{"href":"https:\/\/vocesdebaires.com.ar\/index.php\/wp-json\/wp\/v2\/media?parent=7940"}],"wp:term":[{"taxonomy":"category","embeddable":true,"href":"https:\/\/vocesdebaires.com.ar\/index.php\/wp-json\/wp\/v2\/categories?post=7940"},{"taxonomy":"post_tag","embeddable":true,"href":"https:\/\/vocesdebaires.com.ar\/index.php\/wp-json\/wp\/v2\/tags?post=7940"}],"curies":[{"name":"wp","href":"https:\/\/api.w.org\/{rel}","templated":true}]}}