{"id":7952,"date":"2017-08-10T03:00:00","date_gmt":"2017-08-10T06:00:00","guid":{"rendered":"http:\/\/vocesdebaires.com.ar\/wordpress\/index.php\/2017\/08\/10\/campanas-prevencion-diabetes-y-cancer-de-colon\/"},"modified":"2017-08-10T03:00:00","modified_gmt":"2017-08-10T06:00:00","slug":"campanas-prevencion-diabetes-y-cancer-de-colon","status":"publish","type":"post","link":"https:\/\/vocesdebaires.com.ar\/index.php\/2017\/08\/10\/campanas-prevencion-diabetes-y-cancer-de-colon\/","title":{"rendered":"Campa\u00f1as prevenci\u00f3n: Diabetes y c\u00e1ncer de colon"},"content":{"rendered":"<p>\u00a0<br \/>\nDurante toda la semana se realizan en el Hospital Municipal de Oncolog\u00eda Mar\u00eda Curie (Av. Patricias Argentinas 750, Caballito).<br \/>\nCampa\u00f1a de detecci\u00f3n temprana de la Diabetes<br \/>\nSe llevar\u00e1 a cabo del 7 al 11 de agosto del 2017, de 8 a 11 hs.<br \/>\nEst\u00e1 dirigido a dirigido a mujeres y hombres mayores de 16 a\u00f1os.<br \/>\nSe realizan consultas y control de glucemia. &#8212;&#8212;&#8212;&#8212;&#8212;&#8212;&#8212;&#8212;&#8212;&#8212;&#8212;&#8212;&#8212;&#8212;&#8212;&#8212;&#8212;&#8212;&#8212;&#8212;&#8212;&#8212;&#8212;&#8212;&#8212;&#8212;&#8212;&#8212;&#8212;&#8212;&#8212;&#8212;&#8212;&#8212;&#8212;&#8212;&#8212;&#8212;&#8212;&#8212;&#8212;&#8212;&#8212;&#8212;&#8212;&#8212;&#8212;&#8212;&#8212;&#8212;&#8212;&#8212;&#8212;&#8212;&#8212;&#8212;Campa\u00f1a de prevenci\u00f3n y detecci\u00f3n temprana de C\u00e1ncer de Colon<br \/>\nSe llevar\u00e1 a cabo del 7 al 13 de agosto del 2017, de 8.30 a 11 hs.<br \/>\nEst\u00e1 dirigido a mujeres y hombres mayores de 50 a\u00f1os y mayores de 40 a\u00f1os con antecedentes.<br \/>\nS\u00edntomas a tener en cuenta:<br \/>\nAlteraci\u00f3n en el ritmo avacuatorio.Episodios de diarrea y constipaci\u00f3n.Diarreas prolongadas.Aparici\u00f3n de sangre en materia fecal.<\/p>\n","protected":false},"excerpt":{"rendered":"<p>\u00a0 Durante toda la semana se realizan en el Hospital Municipal de Oncolog\u00eda Mar\u00eda Curie (Av. Patricias Argentinas 750, Caballito). Campa\u00f1a de detecci\u00f3n temprana de la Diabetes Se llevar\u00e1 a cabo del 7 al 11 de agosto del 2017, de 8 a 11 hs. Est\u00e1 dirigido a dirigido a mujeres y hombres mayores de 16 [&hellip;]<\/p>\n","protected":false},"author":1,"featured_media":7953,"comment_status":"open","ping_status":"open","sticky":false,"template":"","format":"standard","meta":{"_et_pb_use_builder":"","_et_pb_old_content":"","_et_gb_content_width":"","footnotes":""},"categories":[11,33],"tags":[],"class_list":["post-7952","post","type-post","status-publish","format-standard","has-post-thumbnail","hentry","category-ciudad","category-sociedad-y-cultura-2"],"_links":{"self":[{"href":"https:\/\/vocesdebaires.com.ar\/index.php\/wp-json\/wp\/v2\/posts\/7952"}],"collection":[{"href":"https:\/\/vocesdebaires.com.ar\/index.php\/wp-json\/wp\/v2\/posts"}],"about":[{"href":"https:\/\/vocesdebaires.com.ar\/index.php\/wp-json\/wp\/v2\/types\/post"}],"author":[{"embeddable":true,"href":"https:\/\/vocesdebaires.com.ar\/index.php\/wp-json\/wp\/v2\/users\/1"}],"replies":[{"embeddable":true,"href":"https:\/\/vocesdebaires.com.ar\/index.php\/wp-json\/wp\/v2\/comments?post=7952"}],"version-history":[{"count":0,"href":"https:\/\/vocesdebaires.com.ar\/index.php\/wp-json\/wp\/v2\/posts\/7952\/revisions"}],"wp:featuredmedia":[{"embeddable":true,"href":"https:\/\/vocesdebaires.com.ar\/index.php\/wp-json\/wp\/v2\/media\/7953"}],"wp:attachment":[{"href":"https:\/\/vocesdebaires.com.ar\/index.php\/wp-json\/wp\/v2\/media?parent=7952"}],"wp:term":[{"taxonomy":"category","embeddable":true,"href":"https:\/\/vocesdebaires.com.ar\/index.php\/wp-json\/wp\/v2\/categories?post=7952"},{"taxonomy":"post_tag","embeddable":true,"href":"https:\/\/vocesdebaires.com.ar\/index.php\/wp-json\/wp\/v2\/tags?post=7952"}],"curies":[{"name":"wp","href":"https:\/\/api.w.org\/{rel}","templated":true}]}}