{"id":7954,"date":"2017-08-10T03:00:00","date_gmt":"2017-08-10T06:00:00","guid":{"rendered":"http:\/\/vocesdebaires.com.ar\/wordpress\/index.php\/2017\/08\/10\/reabre-la-sala-lugones-del-san-martin\/"},"modified":"2017-08-10T03:00:00","modified_gmt":"2017-08-10T06:00:00","slug":"reabre-la-sala-lugones-del-san-martin","status":"publish","type":"post","link":"https:\/\/vocesdebaires.com.ar\/index.php\/2017\/08\/10\/reabre-la-sala-lugones-del-san-martin\/","title":{"rendered":"Reabre la Sala Lugones del San Mart\u00edn"},"content":{"rendered":"<p>\u00a0<br \/>\nFinalizadas las tareas de puesta en valor, el martes 15 de agosto se reabre la Sala Leopoldo Lugones del Teatro San Mart\u00edn (Avenida Corrientes 1530), coincidiendo con su 50\u00ba aniversario.Gracias a la colaboraci\u00f3n de DAC-Directores Argentinos Cinematogr\u00e1ficos y GOTIKA, el Complejo Teatral de Buenos Aires y la Fundaci\u00f3n Cinemateca Argentina han organizado, para la reapertura un ciclo denominado Cine argentino restaurado, que se llevar\u00e1 a cabo del **martes 15 al jueves 24 de agosto.<br \/>\nSe exhibir\u00e1n con entrada gratuita catorce t\u00edtulos recientemente restaurados en el marco del Plan Recuperar que llevan adelante DAC y GOTIKA, incluidos varios films de realizadores como Fernando \u201cPino\u201d Solanas, Adolfo Aristarain, Carlos Sor\u00edn, Eliseo Subiela y el cl\u00e1sico de los a\u00f1os \u201870 dirigido por Leonardo Favio, Juan Moreira.El Director General del Complejo Teatral de Buenos Aires, Jorge Telerman, afirm\u00f3 que \u201c\u2018La Lugones\u2019, como desde hace tiempo llamamos a la sala cinematogr\u00e1fica del Teatro San Mart\u00edn se ha ganado merecidamente la categor\u00eda de espacio de culto de la cultura porte\u00f1a\u201d.<br \/>\n\u201cA trav\u00e9s de sus ciclos dedicados a revisar tanto los grandes cl\u00e1sicos del cine de todos los tiempos como explorar cinematograf\u00edas in\u00e9ditas o poco conocidas, la sala ha generado un di\u00e1logo \u00fanico y particular con un p\u00fablico heterog\u00e9neo para el cual la sala representa un espacio \u00edntimo, que recupera la mejor tradici\u00f3n de la exhibici\u00f3n de films\u201d, explic\u00f3.<br \/>\nEl Plan recuperar<br \/>\nYa cuenta con m\u00e1s de veinte t\u00edtulos recuperados y consiste, en una primera etapa, en la digitalizaci\u00f3n y restauraci\u00f3n en formato digital 4K, tanto en su imagen como sonido, de cincuenta y dos pel\u00edculas argentinas contempor\u00e1neas, poniendo al alcance de p\u00fablicos de todo el mundo obras cinematogr\u00e1ficas nacionales preparadas en alta definici\u00f3n que hab\u00edan dejado de exhibirse por no estar a la altura de los cambios tecnol\u00f3gicos.<br \/>\nCreado con el objetivo de preservar y actualizar las pel\u00edculas nacionales que estaban en v\u00edas de desaparici\u00f3n, el plan es una respuesta concreta ante el grave estado de deterioro del patrimonio f\u00edlmico nacional, d\u00e1ndole nueva y perfecta existencia para que pueda continuar compitiendo,en igualdad de condiciones, con las dem\u00e1s obras t\u00e9cnicamente modernizadas y no se pierda en la memoria del mundo.La programaci\u00f3n<br \/>\nMartes 15<br \/>\n16 hs. Hombre mirando al sudeste. Direcci\u00f3n: Eliseo Subiela.19.30 hs. Roma. Direcci\u00f3n: Adolfo Aristarain.Mi\u00e9rcoles 16<br \/>\n16 hs. \u00daltimas im\u00e1genes del naufragio. Direcci\u00f3n: Eliseo Subiela.19 hs. Sur. Direcci\u00f3n: Fernando Solanas.Jueves 17<br \/>\n16 hs. Mart\u00edn (Hache). Direcci\u00f3n: Adolfo Aristarain.19 hs. El exilio de Gardel (Tangos). Direcci\u00f3n: Fernando Solanas.Viernes 18<br \/>\n16 hs. El viaje. Direcci\u00f3n: Fernando Solanas.19 hs. La pel\u00edcula del rey. Direcci\u00f3n: Carlos Sorin.S\u00e1bado 19<br \/>\n16 hs. La ley de la frontera. Direcci\u00f3n: Adolfo Aristarain.19 hs. Juan Moreira. Direcci\u00f3n: Leonardo Favio.Domingo 20<br \/>\n16 hs. Juan Moreira. Direcci\u00f3n: Leonardo Favio.Martes 22<br \/>\n16 hs. Un lugar en el mundo. Direcci\u00f3n: Adolfo Aristarain.19 hs. Hombre mirando al sudeste. Direcci\u00f3n: Eliseo Subiela.Mi\u00e9rcoles 23<br \/>\n16 hs. El lado oscuro del coraz\u00f3n. Direcci\u00f3n: Eliseo Subiela.19 hs. Lugares comunes. Direcci\u00f3n: Adolfo Aristarain.Jueves 24<br \/>\n16 hs. El exilio de Gardel (Tangos). Direcci\u00f3n: Fernando Solanas.19 hs. Gracias por el fuego. Direcci\u00f3n: Sergio Ren\u00e1n.Las entradas se retiran dos horas antes de cada funci\u00f3n por la Boleter\u00eda del Teatro San Mart\u00edn. &#8212;&#8212;&#8212;&#8212;&#8212;&#8212;&#8212;&#8212;&#8212;&#8212;&#8212;&#8212;&#8212;&#8212;&#8212;&#8212;&#8212;&#8212;&#8212;&#8212;&#8212;&#8212;&#8212;&#8212;&#8212;&#8212;&#8212;&#8212;&#8212;&#8212;&#8212;&#8212;&#8212;&#8212;&#8212;&#8212;&#8212;&#8212;&#8212;&#8212;&#8212;&#8212;&#8212;&#8212;&#8212;&#8212;&#8212;&#8212;&#8212;&#8212;&#8212;&#8212;&#8212;&#8212;&#8212;&#8212;&#8212;&#8212;&#8212;&#8212;&#8212;&#8212;&#8212;&#8212;&#8212;&#8212;&#8212;&#8212;&#8212;&#8212;&#8212;&#8212;&#8212;&#8212;&#8212;&#8212;&#8211;Hermia &amp; Helena<br \/>\nA partir del jueves 17 de agosto, el Complejo Teatral de Buenos Aires y la Fundaci\u00f3n Cinemateca Argentina albergar\u00e1n en la Sala Leopoldo Lugones del Teatro San Mart\u00edn (Avenida Corrientes 1530) el estreno de Hermia &amp; Helena, el m\u00e1s reciente largometraje del realizador argentino Mat\u00edas Pi\u00f1eiro. La pel\u00edcula tuvo su premier mundial en el Festival de Locarno, seguido por una exitosa presentaci\u00f3n en los festivales de Toronto, Nueva York, Viena y en la competencia internacional del \u00faltimo Festival de Mar del Plata.<br \/>\nSer\u00e1n trece \u00fanicas funciones, del jueves 17 al mi\u00e9rcoles 30 de agosto a las 21.30 horas (el lunes 21 no hay funci\u00f3n).Hermia &amp; Helena (2016) es el cuarto largometraje de Pi\u00f1eiro que estrena la Sala Leopoldo Lugones, luego de Rosalinda (2010), Viola (2012) y La princesa de Francia (2014).<br \/>\nLas localidades podr\u00e1n adquirirse personalmente con seis d\u00edas de anticipaci\u00f3n (incluyendo el d\u00eda de la funci\u00f3n) en las boleter\u00edas del Teatro San Mart\u00edn. El precio de las localidades es de $40 para p\u00fablico general y $20 para estudiantes y jubilados (con la acreditaci\u00f3n correspondiente).<br \/>\n\u00a0<br \/>\n&lt;img src=&quot;images\/stories\/2015\/agustina hermia  helena.jpg&quot; border=&quot;0&quot; align=&quot;right&quot; \/&gt;<\/p>\n","protected":false},"excerpt":{"rendered":"<p>\u00a0 Finalizadas las tareas de puesta en valor, el martes 15 de agosto se reabre la Sala Leopoldo Lugones del Teatro San Mart\u00edn (Avenida Corrientes 1530), coincidiendo con su 50\u00ba aniversario.Gracias a la colaboraci\u00f3n de DAC-Directores Argentinos Cinematogr\u00e1ficos y GOTIKA, el Complejo Teatral de Buenos Aires y la Fundaci\u00f3n Cinemateca Argentina han organizado, para la [&hellip;]<\/p>\n","protected":false},"author":1,"featured_media":7955,"comment_status":"open","ping_status":"open","sticky":false,"template":"","format":"standard","meta":{"_et_pb_use_builder":"","_et_pb_old_content":"","_et_gb_content_width":"","footnotes":""},"categories":[11,33],"tags":[],"class_list":["post-7954","post","type-post","status-publish","format-standard","has-post-thumbnail","hentry","category-ciudad","category-sociedad-y-cultura-2"],"_links":{"self":[{"href":"https:\/\/vocesdebaires.com.ar\/index.php\/wp-json\/wp\/v2\/posts\/7954"}],"collection":[{"href":"https:\/\/vocesdebaires.com.ar\/index.php\/wp-json\/wp\/v2\/posts"}],"about":[{"href":"https:\/\/vocesdebaires.com.ar\/index.php\/wp-json\/wp\/v2\/types\/post"}],"author":[{"embeddable":true,"href":"https:\/\/vocesdebaires.com.ar\/index.php\/wp-json\/wp\/v2\/users\/1"}],"replies":[{"embeddable":true,"href":"https:\/\/vocesdebaires.com.ar\/index.php\/wp-json\/wp\/v2\/comments?post=7954"}],"version-history":[{"count":0,"href":"https:\/\/vocesdebaires.com.ar\/index.php\/wp-json\/wp\/v2\/posts\/7954\/revisions"}],"wp:featuredmedia":[{"embeddable":true,"href":"https:\/\/vocesdebaires.com.ar\/index.php\/wp-json\/wp\/v2\/media\/7955"}],"wp:attachment":[{"href":"https:\/\/vocesdebaires.com.ar\/index.php\/wp-json\/wp\/v2\/media?parent=7954"}],"wp:term":[{"taxonomy":"category","embeddable":true,"href":"https:\/\/vocesdebaires.com.ar\/index.php\/wp-json\/wp\/v2\/categories?post=7954"},{"taxonomy":"post_tag","embeddable":true,"href":"https:\/\/vocesdebaires.com.ar\/index.php\/wp-json\/wp\/v2\/tags?post=7954"}],"curies":[{"name":"wp","href":"https:\/\/api.w.org\/{rel}","templated":true}]}}