{"id":7968,"date":"2017-08-09T03:00:00","date_gmt":"2017-08-09T06:00:00","guid":{"rendered":"http:\/\/vocesdebaires.com.ar\/wordpress\/index.php\/2017\/08\/09\/derechos-humanos-alejandro-roisentul-personalidad-destacada\/"},"modified":"2017-08-09T03:00:00","modified_gmt":"2017-08-09T06:00:00","slug":"derechos-humanos-alejandro-roisentul-personalidad-destacada","status":"publish","type":"post","link":"https:\/\/vocesdebaires.com.ar\/index.php\/2017\/08\/09\/derechos-humanos-alejandro-roisentul-personalidad-destacada\/","title":{"rendered":"Derechos Humanos: Alejandro Roisentul, personalidad destacada"},"content":{"rendered":"<p>El cirujano Alejandro Roisentul, fue declarado personalidad destacada de la Ciudad en el \u00e1mbito de los Derechos Humanos, durante una ceremonia en el Sal\u00f3n Eva Per\u00f3n de la Legislatura porte\u00f1a. El\u00a0legislador \u00a0Francisco Quintana (PRO) fue el autor de la ley que consagr\u00f3 al jefe de la Unidad de Cirug\u00eda Oral y Maxilofacial en el hospital de Safed, Israel; junto a los legisladores \u00a0Victoria Rold\u00e1n M\u00e9ndez y Diego Marias. Roisentul se desempe\u00f1a en el Centro M\u00e9dico Ziv del norte de Israel, donde tambi\u00e9n cura heridos procedentes de la lim\u00edtrofe Siria. Se graduado en 1986, en la Facultad de Odontolog\u00eda de la Universidad de Buenos Aires y se fue a \u00a0Israel. \u201cSoy porte\u00f1o y estoy ac\u00e1 luego de 28 a\u00f1os. Cuando una persona deja su pa\u00eds, se divide en dos. No en dos mitades. Soy tan israel\u00ed como argentino\u201d.<br \/>\n\u201cUn chico de 15 a\u00f1os que viene a atenderse no es un enemigo. Es alguien que vive y se vio obligado a hacer algo, es una guerra\u201d, afirm\u00f3 el odont\u00f3logo. \u201cLa finalidad es que hago algo bueno, que es la paz\u201d, ya que como israel\u00ed cura y salva vidas a sirios, que desconocen a sus vecinos o tienen una visi\u00f3n distorsionada. Ilan Sztulman, embajador de Israel afirm\u00f3, antes de que se le diera el diploma como personalidad destacada: \u201cRoisentul tiene que ser una estrella hoy. En la mesa hay tres jud\u00edos y nosotros tenemos una creencia, que es mejorar el mundo. Alejandro es la personificaci\u00f3n de ese concepto. Salva gente, no importa quienes son\u201d.Durante el acto, estuvieron presentes\u00a0 el secretario de Derechos Humanos Claudio Avruj y el\u00a0legislador \u00a0Eduardo Santamarina (PRO) entre autoridades diplom\u00e1ticas, pol\u00edticas y parlamentarias.<\/p>\n","protected":false},"excerpt":{"rendered":"<p>El cirujano Alejandro Roisentul, fue declarado personalidad destacada de la Ciudad en el \u00e1mbito de los Derechos Humanos, durante una ceremonia en el Sal\u00f3n Eva Per\u00f3n de la Legislatura porte\u00f1a. El\u00a0legislador \u00a0Francisco Quintana (PRO) fue el autor de la ley que consagr\u00f3 al jefe de la Unidad de Cirug\u00eda Oral y Maxilofacial en el hospital [&hellip;]<\/p>\n","protected":false},"author":1,"featured_media":7969,"comment_status":"open","ping_status":"open","sticky":false,"template":"","format":"standard","meta":{"_et_pb_use_builder":"","_et_pb_old_content":"","_et_gb_content_width":"","footnotes":""},"categories":[11,33],"tags":[],"class_list":["post-7968","post","type-post","status-publish","format-standard","has-post-thumbnail","hentry","category-ciudad","category-sociedad-y-cultura-2"],"_links":{"self":[{"href":"https:\/\/vocesdebaires.com.ar\/index.php\/wp-json\/wp\/v2\/posts\/7968"}],"collection":[{"href":"https:\/\/vocesdebaires.com.ar\/index.php\/wp-json\/wp\/v2\/posts"}],"about":[{"href":"https:\/\/vocesdebaires.com.ar\/index.php\/wp-json\/wp\/v2\/types\/post"}],"author":[{"embeddable":true,"href":"https:\/\/vocesdebaires.com.ar\/index.php\/wp-json\/wp\/v2\/users\/1"}],"replies":[{"embeddable":true,"href":"https:\/\/vocesdebaires.com.ar\/index.php\/wp-json\/wp\/v2\/comments?post=7968"}],"version-history":[{"count":0,"href":"https:\/\/vocesdebaires.com.ar\/index.php\/wp-json\/wp\/v2\/posts\/7968\/revisions"}],"wp:featuredmedia":[{"embeddable":true,"href":"https:\/\/vocesdebaires.com.ar\/index.php\/wp-json\/wp\/v2\/media\/7969"}],"wp:attachment":[{"href":"https:\/\/vocesdebaires.com.ar\/index.php\/wp-json\/wp\/v2\/media?parent=7968"}],"wp:term":[{"taxonomy":"category","embeddable":true,"href":"https:\/\/vocesdebaires.com.ar\/index.php\/wp-json\/wp\/v2\/categories?post=7968"},{"taxonomy":"post_tag","embeddable":true,"href":"https:\/\/vocesdebaires.com.ar\/index.php\/wp-json\/wp\/v2\/tags?post=7968"}],"curies":[{"name":"wp","href":"https:\/\/api.w.org\/{rel}","templated":true}]}}