{"id":7970,"date":"2017-08-09T03:00:00","date_gmt":"2017-08-09T06:00:00","guid":{"rendered":"http:\/\/vocesdebaires.com.ar\/wordpress\/index.php\/2017\/08\/09\/legislatura-distinguen-a-importante-jurista\/"},"modified":"2017-08-09T03:00:00","modified_gmt":"2017-08-09T06:00:00","slug":"legislatura-distinguen-a-importante-jurista","status":"publish","type":"post","link":"https:\/\/vocesdebaires.com.ar\/index.php\/2017\/08\/09\/legislatura-distinguen-a-importante-jurista\/","title":{"rendered":"Legislatura: Distinguen a importante jurista"},"content":{"rendered":"<p>\u00a0<br \/>\nPor iniciativa del legislador Daniel Presti (PRO), la Legislatura de la Ciudad de Buenos Aires declar\u00f3 Personalidad Destacada en Ciencias Jur\u00eddicas al doctor Antonio Mar\u00eda Hern\u00e1ndez, ponderado jurista, catedr\u00e1tico, constitucionalista y pol\u00edtico radical de origen cordob\u00e9s.La distinci\u00f3n le fue otorgada a noche, durante un acto realizado en el sal\u00f3n Montevideo del parlamento porte\u00f1o, ante una audiencia de notables juristas y figuras de la pol\u00edtica.Presti, presidente de la comisi\u00f3n legislativa de Justicia, explic\u00f3 que la principal raz\u00f3n por la cual la Ciudad reconoce a un cordob\u00e9s es porque fue uno de los principales defensores de la autonom\u00eda de Buenos Aires, adem\u00e1s de ponderarse su trayectoria y su talento.<br \/>\n&quot;Soy abogado defensor de las autonom\u00edas, de todas las autonom\u00edas&quot;, sentenci\u00f3 el homenajeado, tras recibir el diploma de Personalidad Destacada. Luego coment\u00f3 que siempre trat\u00f3 de tener &quot;altos ideales&quot; y se dedic\u00f3 &quot;a luchar contra las injusticias, porque para llegar a la paz hay que luchar&quot;.Hablaron en el acto, adem\u00e1s del anfitri\u00f3n Presti, la presidenta del Consejo de la Magistratura de la CABA, Marcela Basterra; el jurista Ricardo Ram\u00edrez Calvo, el camarista electoral Alberto Dalla Via y el constitucionalista Daniel Sabsay.<br \/>\nEntre otros, estaban presentes los legisladores porte\u00f1os Claudio Heredia (BP), coautor del homenaje junto a Mar\u00eda Rosa Mui\u00f1os (BP), Paula Oliveto (CC &#8211; ARI), el ex presidente provisional del Senado, Eduardo Menem; el diputado nacional y jefe de la bancada oficialista, Mario Negri; la presidenta del Instituto Argentino de Derechos Humanos, Alicia Pierini, varios consejeros de la magistratura, catedr\u00e1ticos y pol\u00edticos.La doctora Basterra defini\u00f3 a Hern\u00e1ndez como &quot;un dem\u00f3crata, un republicano, un defensor del derecho, de las autonom\u00edas municipales, lde a autonom\u00eda de la CABA y del federalismo&quot;.Hern\u00e1ndez, de 68 a\u00f1os, es oriundo de Villa Mar\u00eda (C\u00f3rdoba) y curs\u00f3 sus estudios m\u00e1s importantes en la Universidad Nacional de C\u00f3rdoba, donde se doctor\u00f3 en Derecho y Ciencias Sociales<br \/>\nSe distingui\u00f3 en la docencia, la investigaci\u00f3n y la tarea legislativa. Es autor de varias obras sobre autonom\u00eda municipal, federalismo y constitucionalismo. Es profesor de derecho constitucional en la UNC, profesor de postgrado de doctorados, mag\u00edsteres y especializaciones, director del Instituto de Federalismo de la Academia Nacional de Derecho y Ciencias Sociales de C\u00f3rdoba, miembro de la Academia Internacional de Derecho Comparado de La Haya y acad\u00e9mico secretario de la Asociaci\u00f3n Iberoamericana de Academias de Derecho designado. En lo pol\u00edtico, Hern\u00e1ndez fue desde concejal hasta diputado nacional de la UCR, electo por C\u00f3rdoba (1991-1995) constituyente de su provincia en 1987 y de la Naci\u00f3n en 1994. Fue candidato a vicepresidente de la Naci\u00f3n por la UCR en 1995, como compa\u00f1ero de f\u00f3rmula de Horacio Massaccesi.<\/p>\n","protected":false},"excerpt":{"rendered":"<p>\u00a0 Por iniciativa del legislador Daniel Presti (PRO), la Legislatura de la Ciudad de Buenos Aires declar\u00f3 Personalidad Destacada en Ciencias Jur\u00eddicas al doctor Antonio Mar\u00eda Hern\u00e1ndez, ponderado jurista, catedr\u00e1tico, constitucionalista y pol\u00edtico radical de origen cordob\u00e9s.La distinci\u00f3n le fue otorgada a noche, durante un acto realizado en el sal\u00f3n Montevideo del parlamento porte\u00f1o, ante [&hellip;]<\/p>\n","protected":false},"author":1,"featured_media":7099,"comment_status":"open","ping_status":"open","sticky":false,"template":"","format":"standard","meta":{"_et_pb_use_builder":"","_et_pb_old_content":"","_et_gb_content_width":"","footnotes":""},"categories":[11,33],"tags":[],"class_list":["post-7970","post","type-post","status-publish","format-standard","has-post-thumbnail","hentry","category-ciudad","category-sociedad-y-cultura-2"],"_links":{"self":[{"href":"https:\/\/vocesdebaires.com.ar\/index.php\/wp-json\/wp\/v2\/posts\/7970"}],"collection":[{"href":"https:\/\/vocesdebaires.com.ar\/index.php\/wp-json\/wp\/v2\/posts"}],"about":[{"href":"https:\/\/vocesdebaires.com.ar\/index.php\/wp-json\/wp\/v2\/types\/post"}],"author":[{"embeddable":true,"href":"https:\/\/vocesdebaires.com.ar\/index.php\/wp-json\/wp\/v2\/users\/1"}],"replies":[{"embeddable":true,"href":"https:\/\/vocesdebaires.com.ar\/index.php\/wp-json\/wp\/v2\/comments?post=7970"}],"version-history":[{"count":0,"href":"https:\/\/vocesdebaires.com.ar\/index.php\/wp-json\/wp\/v2\/posts\/7970\/revisions"}],"wp:featuredmedia":[{"embeddable":true,"href":"https:\/\/vocesdebaires.com.ar\/index.php\/wp-json\/wp\/v2\/media\/7099"}],"wp:attachment":[{"href":"https:\/\/vocesdebaires.com.ar\/index.php\/wp-json\/wp\/v2\/media?parent=7970"}],"wp:term":[{"taxonomy":"category","embeddable":true,"href":"https:\/\/vocesdebaires.com.ar\/index.php\/wp-json\/wp\/v2\/categories?post=7970"},{"taxonomy":"post_tag","embeddable":true,"href":"https:\/\/vocesdebaires.com.ar\/index.php\/wp-json\/wp\/v2\/tags?post=7970"}],"curies":[{"name":"wp","href":"https:\/\/api.w.org\/{rel}","templated":true}]}}