{"id":7971,"date":"2017-08-09T03:00:00","date_gmt":"2017-08-09T06:00:00","guid":{"rendered":"http:\/\/vocesdebaires.com.ar\/wordpress\/index.php\/2017\/08\/09\/macri-vidal-los-esta-poniendo-en-vereda\/"},"modified":"2017-08-09T03:00:00","modified_gmt":"2017-08-09T06:00:00","slug":"macri-vidal-los-esta-poniendo-en-vereda","status":"publish","type":"post","link":"https:\/\/vocesdebaires.com.ar\/index.php\/2017\/08\/09\/macri-vidal-los-esta-poniendo-en-vereda\/","title":{"rendered":"Macri: Vidal &quot;Los est\u00e1 poniendo en vereda&quot;"},"content":{"rendered":"<p>\u00a0<br \/>\nEl presidente Mauricio Macri asegur\u00f3\u00a0 ayer que la gobernadora bonaerense, Mar\u00eda Eugenia Vidal, &quot;est\u00e1 poniendo en vereda&quot; a &quot;todos los machos de la Provincia&quot; y sostuvo que &quot;hoy estamos ac\u00e1 porque nos animamos, rompimos ese miedo que busca destruir los sue\u00f1os y que caigamos en la resignaci\u00f3n&quot;.En tanto, Vidal dijo que &quot;ya sabemos que hay que hacer lo que no se ve, y que lo que vale, cuesta. No dejes que te mientan, que te enga\u00f1en otra vez, no dejes que los mismos que te gobernaron 25 a\u00f1os ahora te digan que te van a llevar a un lugar mejor, porque vamos hacia un lugar mejor, pero haci\u00e9ndolo bien, para siempre, para nosotros, para nuestros hijos, para nuestros nietos&quot;.<br \/>\nPor otra parte, el jefe del Estado dijo que &quot;las soluciones m\u00e1gicas no existen. Basta de mentiras. Lo que nos hicieron fue como organizar un gran viaje, en hoteles cinco estrellas por toda Europa, y cuando volvimos hab\u00edan liquidado la casa, afan\u00e1ndose las reservas del Banco Central para sostener una locura, destruir futuro a costa de vivir un presente corto&quot;.A su turno, la gobernadora pidi\u00f3 a los vecinos de la Provincia que &quot;no volvamos para atr\u00e1s porque quienes nos dejaron a un tercio de los argentinos en la pobreza, quienes sostuvieron el 700 por ciento de inflaci\u00f3n en diez a\u00f1os y los que en los \u00faltimos cinco a\u00f1os no generaron un empleo no son los que nos van a sacar adelante&quot;.<br \/>\n&quot;No podemos hacer lo mismo, no podemos poner parches. Nos hemos propuesto decir la verdad. Queremos construir una casa con bases s\u00f3lidas. No podemos estafar a los que vienen, nuestros hijos y nuestros nietos. Tenemos que trabajar para que ellos tengan de verdad un futuro mejor&quot;, advirti\u00f3 el Presidente durante un acto de Cambiemos en el partido bonaerense de Azul. Macri y Vidal estuvieron junto a los precandidatos legislativos Esteban Bullrich,\u00a0 Graciela Oca\u00f1a, Gladys Gonz\u00e1lez, H\u00e9ctor &quot;Toty&quot; Flores y Guillermo Montenegro. El presidente garantiz\u00f3 que &quot;el pa\u00eds est\u00e1 creciendo, la inflaci\u00f3n est\u00e1 bajando a la mitad de la del a\u00f1o pasado. Esa gran estafa que nos vendieron: que un poco de inflaci\u00f3n no era malo.<br \/>\nYa la pusimos en caja y el a\u00f1o que viene va a volver a bajar, hasta que lleguemos a un d\u00edgito. La inflaci\u00f3n es la mayor estafa al trabajador, al que la rema. El a\u00f1o que viene vamos a tener menor inflaci\u00f3n y vamos a crecer m\u00e1s&quot;.&quot;Poniendo la mente y el coraz\u00f3n, si seguimos por este camino, mucho antes de lo que se imaginan, la Argentina va a ser un pa\u00eds fuerte, s\u00f3lido, donde la pobreza va a estar reducida enormemente. La rueda se puso en marcha&quot;, agreg\u00f3. Respecto de Vidal, indic\u00f3 que &quot;a todos los machos de la provincia los est\u00e1 poniendo en vereda. C\u00f3mo no voy a estar incondicionalmente detr\u00e1s de ella&quot;, y a\u00f1adi\u00f3 que &quot;hoy estamos ac\u00e1 porque nos animamos, rompimos esa cosa del miedo, que busca destruir los sue\u00f1os y que caigas en la resignaci\u00f3n&quot;.<br \/>\n&quot;No cambiemos esperanza por resignaci\u00f3n, no dejen que nos sometan otra vez, apostemos a nuestra libertad. Les digo a los que hoy salen con soluciones f\u00e1ciles y respuestas m\u00e1gicas: en la vida y en la pol\u00edtica ya sabemos cu\u00e1nto nos cuestan los parches, la improvisaci\u00f3n, cuan poco dura el camino f\u00e1cil, el atajo&quot;, subray\u00f3 la gobernadora. &quot;Este equipo recorre y est\u00e1, y no en campa\u00f1a: todo el a\u00f1o. Recorremos y escuchamos, todo el tiempo escuchamos&quot;, destac\u00f3.En tanto, Bullrich dijo que &quot;no creemos que la inseguridad no es una sensaci\u00f3n, creemos que es algo que se puede combatir y derrotar. No creemos que el narcotr\u00e1fico sea algo con lo que tengamos que convivir, las mafias no nos tienen que ganar&quot;.Finalmente, Oca\u00f1a indic\u00f3 que &quot;los bonaerenses van a seguir apostando por el cambio, no quieren mirar para atr\u00e1s. Nos van a acompa\u00f1ar para aumentar el n\u00famero de diputados y senadores y podamos dar la batalla, porque el Congreso no puede ser un aguantadero&quot;.<\/p>\n","protected":false},"excerpt":{"rendered":"<p>\u00a0 El presidente Mauricio Macri asegur\u00f3\u00a0 ayer que la gobernadora bonaerense, Mar\u00eda Eugenia Vidal, &quot;est\u00e1 poniendo en vereda&quot; a &quot;todos los machos de la Provincia&quot; y sostuvo que &quot;hoy estamos ac\u00e1 porque nos animamos, rompimos ese miedo que busca destruir los sue\u00f1os y que caigamos en la resignaci\u00f3n&quot;.En tanto, Vidal dijo que &quot;ya sabemos que [&hellip;]<\/p>\n","protected":false},"author":1,"featured_media":7972,"comment_status":"open","ping_status":"open","sticky":false,"template":"","format":"standard","meta":{"_et_pb_use_builder":"","_et_pb_old_content":"","_et_gb_content_width":"","footnotes":""},"categories":[34,13],"tags":[],"class_list":["post-7971","post","type-post","status-publish","format-standard","has-post-thumbnail","hentry","category-politica","category-provincia"],"_links":{"self":[{"href":"https:\/\/vocesdebaires.com.ar\/index.php\/wp-json\/wp\/v2\/posts\/7971"}],"collection":[{"href":"https:\/\/vocesdebaires.com.ar\/index.php\/wp-json\/wp\/v2\/posts"}],"about":[{"href":"https:\/\/vocesdebaires.com.ar\/index.php\/wp-json\/wp\/v2\/types\/post"}],"author":[{"embeddable":true,"href":"https:\/\/vocesdebaires.com.ar\/index.php\/wp-json\/wp\/v2\/users\/1"}],"replies":[{"embeddable":true,"href":"https:\/\/vocesdebaires.com.ar\/index.php\/wp-json\/wp\/v2\/comments?post=7971"}],"version-history":[{"count":0,"href":"https:\/\/vocesdebaires.com.ar\/index.php\/wp-json\/wp\/v2\/posts\/7971\/revisions"}],"wp:featuredmedia":[{"embeddable":true,"href":"https:\/\/vocesdebaires.com.ar\/index.php\/wp-json\/wp\/v2\/media\/7972"}],"wp:attachment":[{"href":"https:\/\/vocesdebaires.com.ar\/index.php\/wp-json\/wp\/v2\/media?parent=7971"}],"wp:term":[{"taxonomy":"category","embeddable":true,"href":"https:\/\/vocesdebaires.com.ar\/index.php\/wp-json\/wp\/v2\/categories?post=7971"},{"taxonomy":"post_tag","embeddable":true,"href":"https:\/\/vocesdebaires.com.ar\/index.php\/wp-json\/wp\/v2\/tags?post=7971"}],"curies":[{"name":"wp","href":"https:\/\/api.w.org\/{rel}","templated":true}]}}