{"id":7975,"date":"2017-08-08T03:00:00","date_gmt":"2017-08-08T06:00:00","guid":{"rendered":"http:\/\/vocesdebaires.com.ar\/wordpress\/index.php\/2017\/08\/08\/vamos-juntos-en-un-encuentro-con-jovenes\/"},"modified":"2017-08-08T03:00:00","modified_gmt":"2017-08-08T06:00:00","slug":"vamos-juntos-en-un-encuentro-con-jovenes","status":"publish","type":"post","link":"https:\/\/vocesdebaires.com.ar\/index.php\/2017\/08\/08\/vamos-juntos-en-un-encuentro-con-jovenes\/","title":{"rendered":"Vamos Juntos: En un encuentro con j\u00f3venes"},"content":{"rendered":"<p>\u00a0<br \/>\nLa primera candidata a diputada nacional por la Ciudad de Buenos Aires de Vamos Juntos, Elisa &quot;Lilita&quot; Carri\u00f3&quot;; junto al jefe de Gobierno porte\u00f1o, Horacio Rodr\u00edguez Larreta, y la vicepresidenta de la Naci\u00f3n, Gabriela Michetti, participaron de un encuentro con j\u00f3venes en el Buenos Aires Design, en el barrio de Recoleta. Estuvieron acompa\u00f1ados por el candidato a diputado nacional, Juan L\u00f3pez; el primer candidato a legislador porte\u00f1o, Andy Freire, y quienes le siguen en la lista: Agust\u00edn Forchieri, Victoria Rold\u00e1n M\u00e9ndez, Hern\u00e1n Reyes, y Claudio Cingolani.<\/p>\n","protected":false},"excerpt":{"rendered":"<p>\u00a0 La primera candidata a diputada nacional por la Ciudad de Buenos Aires de Vamos Juntos, Elisa &quot;Lilita&quot; Carri\u00f3&quot;; junto al jefe de Gobierno porte\u00f1o, Horacio Rodr\u00edguez Larreta, y la vicepresidenta de la Naci\u00f3n, Gabriela Michetti, participaron de un encuentro con j\u00f3venes en el Buenos Aires Design, en el barrio de Recoleta. Estuvieron acompa\u00f1ados por [&hellip;]<\/p>\n","protected":false},"author":1,"featured_media":7976,"comment_status":"open","ping_status":"open","sticky":false,"template":"","format":"standard","meta":{"_et_pb_use_builder":"","_et_pb_old_content":"","_et_gb_content_width":"","footnotes":""},"categories":[11,32],"tags":[],"class_list":["post-7975","post","type-post","status-publish","format-standard","has-post-thumbnail","hentry","category-ciudad","category-comunas"],"_links":{"self":[{"href":"https:\/\/vocesdebaires.com.ar\/index.php\/wp-json\/wp\/v2\/posts\/7975"}],"collection":[{"href":"https:\/\/vocesdebaires.com.ar\/index.php\/wp-json\/wp\/v2\/posts"}],"about":[{"href":"https:\/\/vocesdebaires.com.ar\/index.php\/wp-json\/wp\/v2\/types\/post"}],"author":[{"embeddable":true,"href":"https:\/\/vocesdebaires.com.ar\/index.php\/wp-json\/wp\/v2\/users\/1"}],"replies":[{"embeddable":true,"href":"https:\/\/vocesdebaires.com.ar\/index.php\/wp-json\/wp\/v2\/comments?post=7975"}],"version-history":[{"count":0,"href":"https:\/\/vocesdebaires.com.ar\/index.php\/wp-json\/wp\/v2\/posts\/7975\/revisions"}],"wp:featuredmedia":[{"embeddable":true,"href":"https:\/\/vocesdebaires.com.ar\/index.php\/wp-json\/wp\/v2\/media\/7976"}],"wp:attachment":[{"href":"https:\/\/vocesdebaires.com.ar\/index.php\/wp-json\/wp\/v2\/media?parent=7975"}],"wp:term":[{"taxonomy":"category","embeddable":true,"href":"https:\/\/vocesdebaires.com.ar\/index.php\/wp-json\/wp\/v2\/categories?post=7975"},{"taxonomy":"post_tag","embeddable":true,"href":"https:\/\/vocesdebaires.com.ar\/index.php\/wp-json\/wp\/v2\/tags?post=7975"}],"curies":[{"name":"wp","href":"https:\/\/api.w.org\/{rel}","templated":true}]}}