{"id":7979,"date":"2017-08-08T03:00:00","date_gmt":"2017-08-08T06:00:00","guid":{"rendered":"http:\/\/vocesdebaires.com.ar\/wordpress\/index.php\/2017\/08\/08\/subtes-cuando-cierra-sus-puertas-que-pasa\/"},"modified":"2017-08-08T03:00:00","modified_gmt":"2017-08-08T06:00:00","slug":"subtes-cuando-cierra-sus-puertas-que-pasa","status":"publish","type":"post","link":"https:\/\/vocesdebaires.com.ar\/index.php\/2017\/08\/08\/subtes-cuando-cierra-sus-puertas-que-pasa\/","title":{"rendered":"Subtes: Cuando cierra sus puertas, que pasa"},"content":{"rendered":"<p>\u00a0<br \/>\nPor la noche, cuando el subte deja de circular, junto a Metrov\u00edas realizamos tareas indispensables para la operaci\u00f3n del servicio. La ventana nocturna es el momento oportuno para completar estos trabajos sin interferir en los viajes de los usuarios.Para que al comenzar del d\u00eda se encuentren\u00a0 \u00a0las estaciones en perfectas condiciones y que se viaje con mayor confort, entre las 23 y las 5 se realizan m\u00faltiples trabajos. Algunos de estos son:Tareas de rutina: contemplan la limpieza profunda de vest\u00edbulos, pasillos y andenes, el mantenimiento de escaleras mec\u00e1nicas y ascensores y fumigaciones.Mantenimiento del material rodante: limpieza externa e interna de los coches e instalaci\u00f3n de carteler\u00eda.Mantenimiento de instalaciones, v\u00edas y se\u00f1ales. Tareas en cocheras y talleres: all\u00ed se realiza la revisi\u00f3n peri\u00f3dica del material rodante.<\/p>\n","protected":false},"excerpt":{"rendered":"<p>\u00a0 Por la noche, cuando el subte deja de circular, junto a Metrov\u00edas realizamos tareas indispensables para la operaci\u00f3n del servicio. La ventana nocturna es el momento oportuno para completar estos trabajos sin interferir en los viajes de los usuarios.Para que al comenzar del d\u00eda se encuentren\u00a0 \u00a0las estaciones en perfectas condiciones y que se [&hellip;]<\/p>\n","protected":false},"author":1,"featured_media":7980,"comment_status":"open","ping_status":"open","sticky":false,"template":"","format":"standard","meta":{"_et_pb_use_builder":"","_et_pb_old_content":"","_et_gb_content_width":"","footnotes":""},"categories":[11,33],"tags":[],"class_list":["post-7979","post","type-post","status-publish","format-standard","has-post-thumbnail","hentry","category-ciudad","category-sociedad-y-cultura-2"],"_links":{"self":[{"href":"https:\/\/vocesdebaires.com.ar\/index.php\/wp-json\/wp\/v2\/posts\/7979"}],"collection":[{"href":"https:\/\/vocesdebaires.com.ar\/index.php\/wp-json\/wp\/v2\/posts"}],"about":[{"href":"https:\/\/vocesdebaires.com.ar\/index.php\/wp-json\/wp\/v2\/types\/post"}],"author":[{"embeddable":true,"href":"https:\/\/vocesdebaires.com.ar\/index.php\/wp-json\/wp\/v2\/users\/1"}],"replies":[{"embeddable":true,"href":"https:\/\/vocesdebaires.com.ar\/index.php\/wp-json\/wp\/v2\/comments?post=7979"}],"version-history":[{"count":0,"href":"https:\/\/vocesdebaires.com.ar\/index.php\/wp-json\/wp\/v2\/posts\/7979\/revisions"}],"wp:featuredmedia":[{"embeddable":true,"href":"https:\/\/vocesdebaires.com.ar\/index.php\/wp-json\/wp\/v2\/media\/7980"}],"wp:attachment":[{"href":"https:\/\/vocesdebaires.com.ar\/index.php\/wp-json\/wp\/v2\/media?parent=7979"}],"wp:term":[{"taxonomy":"category","embeddable":true,"href":"https:\/\/vocesdebaires.com.ar\/index.php\/wp-json\/wp\/v2\/categories?post=7979"},{"taxonomy":"post_tag","embeddable":true,"href":"https:\/\/vocesdebaires.com.ar\/index.php\/wp-json\/wp\/v2\/tags?post=7979"}],"curies":[{"name":"wp","href":"https:\/\/api.w.org\/{rel}","templated":true}]}}