{"id":7983,"date":"2017-08-08T03:00:00","date_gmt":"2017-08-08T06:00:00","guid":{"rendered":"http:\/\/vocesdebaires.com.ar\/wordpress\/index.php\/2017\/08\/08\/amia-distinguio-al-dr-alejandro-roisentul\/"},"modified":"2017-08-08T03:00:00","modified_gmt":"2017-08-08T06:00:00","slug":"amia-distinguio-al-dr-alejandro-roisentul","status":"publish","type":"post","link":"https:\/\/vocesdebaires.com.ar\/index.php\/2017\/08\/08\/amia-distinguio-al-dr-alejandro-roisentul\/","title":{"rendered":"AMIA distingui\u00f3 al Dr. Alejandro Roisentul"},"content":{"rendered":"<p>\u00a0<br \/>\nEn reconocimiento a su gran labor profesional y humanitaria, la AMIA reconoci\u00f3 ayer\u00a0 a Alejandro Roisentul, un m\u00e9dico argentino nacido en 1964 en Buenos Aires y responsable de la Unidad de Cirug\u00eda Maxilofacial del Ziv Medical Center, hospital ubicado en Safed, en el norte de Israel, a 40 kil\u00f3metros de la frontera con Siria. A este centro de salud ubicado en la periferia, han llegado en los \u00faltimos 5 a\u00f1os m\u00e1s de 1.500 heridos de la guerra civil de Siria. Todas las personas que llegan hasta all\u00ed reciben atenci\u00f3n m\u00e9dica con la misma \u201cdedicaci\u00f3n,\u00a0 entrega y cari\u00f1o\u201d que cualquier paciente. No hay diferencias.<br \/>\n\u201cUno tiene que dar el ejemplo y pasar el legado a los hijos\u201d, explica Roisentul quien dijo sentirse movilizado por el reconocimiento que est\u00e1 recibiendo por su tarea con los m\u00e1s desamparados. Hoy el m\u00e9dico ser\u00e1 declarado Ciudadano Ilustre de la ciudad de Buenos Aires, y por su labor profesional con los heridos sirios, en el mes de octubre, recibir\u00e1 un premio de la Asociaci\u00f3n Americana de Cirug\u00eda Maxilofacial. Acompa\u00f1ado por su esposa Juliana y parte de su familia, Roisentul recibi\u00f3 una plaqueta que testimoni\u00f3 su visita por AMIA, donde fue recibido por el presidente Agust\u00edn Zbar;\u00a0 el director ejecutivo Daniel Pomerantz, e integrantes de la comisi\u00f3n directiva de la entidad.<br \/>\n\u201cRoisentul es un ciudadano que por su trabajo, y sin esperar reconocimiento alguno, se convirti\u00f3 en un h\u00e9roe internacional\u201d, asegur\u00f3 Zbar al darle la bienvenida a la instituci\u00f3n. \u201cPara nosotros, es un honor, un orgullo y una alegr\u00eda recibirlo en nuestra casa y poder destacar, en este encuentro, el gran aporte que est\u00e1 realizando en Israel\u201d, agreg\u00f3. Recibido de odont\u00f3logo en la Universidad de Buenos Aires en 1986, en 1990 Roisentul se uni\u00f3 al ej\u00e9rcito israel\u00ed como dentista, hasta que en 1998 comenz\u00f3 a trabajar en el Hospital Ziv.\u00a0 Cuando en 2013 estall\u00f3 la guerra civil en Siria, comenzaron a llegar al hospital israel\u00ed, heridos del otro lado de la frontera, donde son curados y salvados sin importar credos, ideas o procedencia.<br \/>\n\u201cNosotros curamos con amor y ternura. Y eso es lo que queremos transmitir. En hospital atendemos a muchos ni\u00f1os que son las nuevas generaciones,\u00a0 quienes en el futuro recordar\u00e1n que una vez los cur\u00f3 un m\u00e9dico en Israel. Eso va a quedar en sus corazones\u201d. Al finalizar el encuentro, Daniel Pomerantz agradeci\u00f3 a Roisentul por haber dedicado un espacio de su intensa agenda en Buenos Aires a visitar la AMIA, y poder as\u00ed \u201cdarnos la oportunidad de agasajar y recibir a un hijo de la comunidad jud\u00eda argentina\u201d, cuya labor es un ejemplo para todos.<\/p>\n","protected":false},"excerpt":{"rendered":"<p>\u00a0 En reconocimiento a su gran labor profesional y humanitaria, la AMIA reconoci\u00f3 ayer\u00a0 a Alejandro Roisentul, un m\u00e9dico argentino nacido en 1964 en Buenos Aires y responsable de la Unidad de Cirug\u00eda Maxilofacial del Ziv Medical Center, hospital ubicado en Safed, en el norte de Israel, a 40 kil\u00f3metros de la frontera con Siria. [&hellip;]<\/p>\n","protected":false},"author":1,"featured_media":7984,"comment_status":"open","ping_status":"open","sticky":false,"template":"","format":"standard","meta":{"_et_pb_use_builder":"","_et_pb_old_content":"","_et_gb_content_width":"","footnotes":""},"categories":[11,33],"tags":[],"class_list":["post-7983","post","type-post","status-publish","format-standard","has-post-thumbnail","hentry","category-ciudad","category-sociedad-y-cultura-2"],"_links":{"self":[{"href":"https:\/\/vocesdebaires.com.ar\/index.php\/wp-json\/wp\/v2\/posts\/7983"}],"collection":[{"href":"https:\/\/vocesdebaires.com.ar\/index.php\/wp-json\/wp\/v2\/posts"}],"about":[{"href":"https:\/\/vocesdebaires.com.ar\/index.php\/wp-json\/wp\/v2\/types\/post"}],"author":[{"embeddable":true,"href":"https:\/\/vocesdebaires.com.ar\/index.php\/wp-json\/wp\/v2\/users\/1"}],"replies":[{"embeddable":true,"href":"https:\/\/vocesdebaires.com.ar\/index.php\/wp-json\/wp\/v2\/comments?post=7983"}],"version-history":[{"count":0,"href":"https:\/\/vocesdebaires.com.ar\/index.php\/wp-json\/wp\/v2\/posts\/7983\/revisions"}],"wp:featuredmedia":[{"embeddable":true,"href":"https:\/\/vocesdebaires.com.ar\/index.php\/wp-json\/wp\/v2\/media\/7984"}],"wp:attachment":[{"href":"https:\/\/vocesdebaires.com.ar\/index.php\/wp-json\/wp\/v2\/media?parent=7983"}],"wp:term":[{"taxonomy":"category","embeddable":true,"href":"https:\/\/vocesdebaires.com.ar\/index.php\/wp-json\/wp\/v2\/categories?post=7983"},{"taxonomy":"post_tag","embeddable":true,"href":"https:\/\/vocesdebaires.com.ar\/index.php\/wp-json\/wp\/v2\/tags?post=7983"}],"curies":[{"name":"wp","href":"https:\/\/api.w.org\/{rel}","templated":true}]}}