{"id":7987,"date":"2017-04-27T03:00:00","date_gmt":"2017-04-27T06:00:00","guid":{"rendered":"http:\/\/vocesdebaires.com.ar\/wordpress\/index.php\/2017\/04\/27\/residentes3-800-jovenes-rindieron-examen\/"},"modified":"2017-04-27T03:00:00","modified_gmt":"2017-04-27T06:00:00","slug":"residentes3-800-jovenes-rindieron-examen","status":"publish","type":"post","link":"https:\/\/vocesdebaires.com.ar\/index.php\/2017\/04\/27\/residentes3-800-jovenes-rindieron-examen\/","title":{"rendered":"Residentes:3.800 j\u00f3venes rindieron examen"},"content":{"rendered":"<p>\u00a0<br \/>\nPara m\u00e1s de 3.800 j\u00f3venes profesionales de la Provincia de Buenos Aires ayer fue uno de esos d\u00edas especiales, en los que la vida puede cambiar para siempre. Todos ellos rindieron el examen para ingresar como residentes a alguno de los hospitales p\u00fablicos bonaerenses.<br \/>\nLa mayor\u00eda son m\u00e9dicos, pero tambi\u00e9n hay psic\u00f3logos, trabajadores sociales, enfermeros y kinesi\u00f3logos, entre otras disciplinas que se ocupan de la salud. Entre nervios y expectativa, unos 1.547 j\u00f3venes rindieron esta ma\u00f1ana en el amplio hall central del Pasaje Dardo Rocha de La Plata. El resto, dio el mismo examen en sedes de la Ciudad de Buenos Aires, Pergamino y Bah\u00eda Blanca.<br \/>\n\u201cEste a\u00f1o abrimos 200 vacantes m\u00e1s en la Provincia, un total de 1.708, y sumamos las propuestas de 23 municipios que necesitan determinados especialistas\u201d, cont\u00f3 la ministra de Salud, Zulma Ortiz. Record\u00f3 que se acord\u00f3 con los intendentes de esos distritos ofrecer a los nuevos residentes un \u201cpaquete motivacional\u201d en el marco de \u2018Quiero Ser Residente\u2019, el programa del ministerio de Salud provincial, que busca incentivar a los j\u00f3venes profesionales para que elijan formarse en hospitales del interior bonaerense.<br \/>\nLos municipios que ya se sumaron al Programa \u2018Quiero Ser Residente\u2019 son Bol\u00edvar, Carmen de Patagones, Tres Arroyos, Trenque Lauquen, Pehuaj\u00f3, Daireaux,\u00a0 General Villegas, Chacabuco, General Viamonte, Lincoln, Gral Pinto, Tandil, Necochea, Mar Chiquita, General Pueyrred\u00f3n, Saladillo, 25 de Mayo, Mercedes, Chivilcoy, Chascom\u00fas, Magdalena, General Belgrano y Ca\u00f1uelas. Estos son los que ofrecen un plus salarial, que se suma al que aporta la Provincia, y vivienda para quienes elijan desempe\u00f1arse all\u00ed.<br \/>\nLos j\u00f3venes que hoy rindieron examen sabr\u00e1n el resultado el 8 de mayo. En funci\u00f3n de las calificaciones se publicar\u00e1 un r\u00e1nking de aprobados que permite a los de mejor puntaje elegir el hospital en el que se van a desempe\u00f1ar, siempre en funci\u00f3n de las vacantes disponibles. El 1\u00ba de junio, en tanto, comenzar\u00e1n sus residencias, es decir, su capacitaci\u00f3n de posgrado en servicio.<br \/>\nESPECIALIDADES PRIORIZADAS<br \/>\nEste a\u00f1o, seg\u00fan explic\u00f3 el director de Capacitaci\u00f3n y Desarrollo de Trabajadores de la Salud, Marcelo Garc\u00eda Dieguez, \u201cvuelven a ofertarse m\u00e1s vacantes en especialidades priorizadas, es decir, aquellas m\u00e1s dif\u00edciles de conseguir, como cl\u00ednica m\u00e9dica, ginecolog\u00eda, obstetricia, pediatr\u00eda, terapia intensiva y neonatolog\u00eda\u201d.<br \/>\nA su vez, en l\u00ednea con el plan de fortalecimiento de las guardias y servicios de emergencia de la Provincia, \u201cse sumaron cargos en ortopedia y traumatolog\u00eda, cirug\u00eda general y Emergentolog\u00eda\u201d. Otra de las novedades que incorpora este a\u00f1o el sistema de residencias m\u00e9dicas hospitalarias es el examen \u00fanico, es decir que, por primera vez, se rinde la misma prueba para las residencias en hospitales nacionales y provinciales.<\/p>\n","protected":false},"excerpt":{"rendered":"<p>\u00a0 Para m\u00e1s de 3.800 j\u00f3venes profesionales de la Provincia de Buenos Aires ayer fue uno de esos d\u00edas especiales, en los que la vida puede cambiar para siempre. Todos ellos rindieron el examen para ingresar como residentes a alguno de los hospitales p\u00fablicos bonaerenses. La mayor\u00eda son m\u00e9dicos, pero tambi\u00e9n hay psic\u00f3logos, trabajadores sociales, [&hellip;]<\/p>\n","protected":false},"author":1,"featured_media":7988,"comment_status":"open","ping_status":"open","sticky":false,"template":"","format":"standard","meta":{"_et_pb_use_builder":"","_et_pb_old_content":"","_et_gb_content_width":"","footnotes":""},"categories":[34,13],"tags":[],"class_list":["post-7987","post","type-post","status-publish","format-standard","has-post-thumbnail","hentry","category-politica","category-provincia"],"_links":{"self":[{"href":"https:\/\/vocesdebaires.com.ar\/index.php\/wp-json\/wp\/v2\/posts\/7987"}],"collection":[{"href":"https:\/\/vocesdebaires.com.ar\/index.php\/wp-json\/wp\/v2\/posts"}],"about":[{"href":"https:\/\/vocesdebaires.com.ar\/index.php\/wp-json\/wp\/v2\/types\/post"}],"author":[{"embeddable":true,"href":"https:\/\/vocesdebaires.com.ar\/index.php\/wp-json\/wp\/v2\/users\/1"}],"replies":[{"embeddable":true,"href":"https:\/\/vocesdebaires.com.ar\/index.php\/wp-json\/wp\/v2\/comments?post=7987"}],"version-history":[{"count":0,"href":"https:\/\/vocesdebaires.com.ar\/index.php\/wp-json\/wp\/v2\/posts\/7987\/revisions"}],"wp:featuredmedia":[{"embeddable":true,"href":"https:\/\/vocesdebaires.com.ar\/index.php\/wp-json\/wp\/v2\/media\/7988"}],"wp:attachment":[{"href":"https:\/\/vocesdebaires.com.ar\/index.php\/wp-json\/wp\/v2\/media?parent=7987"}],"wp:term":[{"taxonomy":"category","embeddable":true,"href":"https:\/\/vocesdebaires.com.ar\/index.php\/wp-json\/wp\/v2\/categories?post=7987"},{"taxonomy":"post_tag","embeddable":true,"href":"https:\/\/vocesdebaires.com.ar\/index.php\/wp-json\/wp\/v2\/tags?post=7987"}],"curies":[{"name":"wp","href":"https:\/\/api.w.org\/{rel}","templated":true}]}}